{"id":30964,"date":"2026-04-26T19:37:00","date_gmt":"2026-04-26T17:37:00","guid":{"rendered":"https:\/\/www.cssr.news\/spanish\/?p=30964"},"modified":"2026-04-27T07:43:32","modified_gmt":"2026-04-27T05:43:32","slug":"el-padre-antonio-marrazzo-cssr-nos-ha-dejado-para-unirse-al-padre-eterno","status":"publish","type":"post","link":"https:\/\/www.cssr.news\/spanish\/2026\/04\/el-padre-antonio-marrazzo-cssr-nos-ha-dejado-para-unirse-al-padre-eterno\/","title":{"rendered":"El padre Antonio Marrazzo CSsR nos ha dejado para unirse al Padre Eterno"},"content":{"rendered":"\n<p>El Domingo del Buen Pastor, 26 de abril de 2026, falleci\u00f3 el Padre Antonio Marrazzo, misionero redentorista y miembro de la Provincia del Sur de Europa (anteriormente Provincia de N\u00e1poles). Ten\u00eda 73 a\u00f1os. Como Postulador General de la Congregaci\u00f3n Redentorista, dirigi\u00f3 las causas de beatificaci\u00f3n y canonizaci\u00f3n durante casi cuarenta a\u00f1os.<\/p>\n\n\n\n<p>El Padre Antonio Marrazzo naci\u00f3 el 26 de octubre de 1952 en Nocera Inferiore (Salerno). Tras su profesi\u00f3n religiosa (29 de septiembre de 1972) y su ordenaci\u00f3n sacerdotal (25 de junio de 1978), sirvi\u00f3 como coadjutor en Corato y estudi\u00f3 teolog\u00eda de la espiritualidad en Roma (1981-1984), antes de ingresar como misionero y asociado en la casa de novicios en Ciorani (1984-1986).<\/p>\n\n\n\n<p>Desde 1986, se desempe\u00f1\u00f3 como Postulador General de la Congregaci\u00f3n del Sant\u00edsimo Redentor, supervisando numerosas causas de beatificaci\u00f3n y canonizaci\u00f3n. Entre las m\u00e1s significativas se encuentran las de San Pablo VI, San Bartolo Longo, los beatos redentoristas Gennaro Maria Sarnelli, Francesco Saverio Seelos y Domenico Tr\u010dka, la beata Mar\u00eda Celeste Crostarosa, la beata Mar\u00eda de la Concepci\u00f3n (Conchita) Barrecheguren y los m\u00e1rtires redentoristas de Ucrania, Madrid y Cuenca. Tambi\u00e9n se encuentran las causas de muchos otros venerables de diversas nacionalidades cuyas virtudes heroicas el Padre Marrazzo promovi\u00f3.<\/p>\n\n\n\n<p>El Padre Marrazzo parti\u00f3 de este mundo acompa\u00f1ado por las oraciones y el cuidado de sus hermanos, quienes lo apoyaron en los \u00faltimos meses de su lucha contra la enfermedad. Al momento de su muerte, el Padre General estuvo presente a su lado.<\/p>\n\n\n\n<p>Su fallecimiento, ocurrido el d\u00eda en que la Iglesia celebra a Cristo el Buen Pastor y en el 160 aniversario del inicio de la veneraci\u00f3n de Nuestra Se\u00f1ora del Perpetuo Socorro en la Iglesia de San Alfonso en Roma, es recibido por la Congregaci\u00f3n del Sant\u00edsimo Redentor como un signo providencial. El Padre Marrazzo sirvi\u00f3 fielmente a la causa de los santos durante casi toda su vida sacerdotal, aportando a la Iglesia figuras de santidad redentorista y universal. Que el Sant\u00edsimo Redentor, a quien sirvi\u00f3 fielmente, le conceda la alegr\u00eda y la paz eternas.<\/p>\n\n\n\n<hr class=\"wp-block-separator\"\/>\n\n\n\n<p>El funeral se celebrar\u00e1 en el Santuario de Nuestra Se\u00f1ora del Perpetuo Socorro en Roma, Via Merulana 26, el martes 28 de abril a las 10:00 h.<\/p>\n\n\n\n<p>Tras la Santa Misa, el f\u00e9retro ser\u00e1 trasladado a Pagani (Salerno), donde, despu\u00e9s de la Misa de difuntos, ser\u00e1 sepultado en la tumba redentorista.<\/p>\n\n\n\n<p>Scala News<\/p>\n","protected":false},"excerpt":{"rendered":"<p>El Domingo del Buen Pastor, 26 de abril de 2026, falleci\u00f3 el Padre Antonio Marrazzo, misionero redentorista y miembro de la Provincia del Sur de Europa (anteriormente Provincia de N\u00e1poles). Ten\u00eda 73 a\u00f1os. Como Postulador General de la Congregaci\u00f3n Redentorista, dirigi\u00f3 las causas de beatificaci\u00f3n y canonizaci\u00f3n durante casi cuarenta a\u00f1os. El Padre Antonio Marrazzo [&hellip;]<\/p>\n","protected":false},"author":3,"featured_media":30965,"comment_status":"closed","ping_status":"closed","sticky":false,"template":"","format":"standard","meta":[],"categories":[15],"tags":[],"_links":{"self":[{"href":"https:\/\/www.cssr.news\/spanish\/wp-json\/wp\/v2\/posts\/30964"}],"collection":[{"href":"https:\/\/www.cssr.news\/spanish\/wp-json\/wp\/v2\/posts"}],"about":[{"href":"https:\/\/www.cssr.news\/spanish\/wp-json\/wp\/v2\/types\/post"}],"author":[{"embeddable":true,"href":"https:\/\/www.cssr.news\/spanish\/wp-json\/wp\/v2\/users\/3"}],"replies":[{"embeddable":true,"href":"https:\/\/www.cssr.news\/spanish\/wp-json\/wp\/v2\/comments?post=30964"}],"version-history":[{"count":3,"href":"https:\/\/www.cssr.news\/spanish\/wp-json\/wp\/v2\/posts\/30964\/revisions"}],"predecessor-version":[{"id":30969,"href":"https:\/\/www.cssr.news\/spanish\/wp-json\/wp\/v2\/posts\/30964\/revisions\/30969"}],"wp:featuredmedia":[{"embeddable":true,"href":"https:\/\/www.cssr.news\/spanish\/wp-json\/wp\/v2\/media\/30965"}],"wp:attachment":[{"href":"https:\/\/www.cssr.news\/spanish\/wp-json\/wp\/v2\/media?parent=30964"}],"wp:term":[{"taxonomy":"category","embeddable":true,"href":"https:\/\/www.cssr.news\/spanish\/wp-json\/wp\/v2\/categories?post=30964"},{"taxonomy":"post_tag","embeddable":true,"href":"https:\/\/www.cssr.news\/spanish\/wp-json\/wp\/v2\/tags?post=30964"}],"curies":[{"name":"wp","href":"https:\/\/api.w.org\/{rel}","templated":true}]}}