{"id":30970,"date":"2026-04-27T09:11:40","date_gmt":"2026-04-27T07:11:40","guid":{"rendered":"https:\/\/www.cssr.news\/spanish\/?p=30970"},"modified":"2026-04-27T12:42:45","modified_gmt":"2026-04-27T10:42:45","slug":"encuentro-de-comunicadores-redentoristas-de-america-latina-y-el-caribe-y-la-provincia-de-brasilia-escuchar-para-liderar","status":"publish","type":"post","link":"https:\/\/www.cssr.news\/spanish\/2026\/04\/encuentro-de-comunicadores-redentoristas-de-america-latina-y-el-caribe-y-la-provincia-de-brasilia-escuchar-para-liderar\/","title":{"rendered":"Encuentro de Comunicadores Redentoristas de Am\u00e9rica Latina y el Caribe: &#8220;Escuchar para Liderar&#8221;"},"content":{"rendered":"\n<p>El 24 de abril, la Comisi\u00f3n de Comunicaci\u00f3n de la Conferencia Redentorista de Am\u00e9rica Latina y el Caribe, y la Provincia de Brasilia, realizaron un encuentro de formaci\u00f3n en l\u00ednea con los comunicadores redentoristas a partir del tema <strong>\u201cEl ejercicio del liderazgo en la Pastoral\u201d<\/strong>, con <strong>Marcus Tullius<\/strong>(*), maestro en comunicaci\u00f3n social y coordinador de comunicaci\u00f3n de Caritas Am\u00e9rica Latina y el Caribe.<\/p>\n\n\n\n<p>Con traducci\u00f3n simult\u00e1nea al espa\u00f1ol, el encuentro cont\u00f3 con la participaci\u00f3n de confrades, laicos, oblatos, graduados y colaboradores redentoristas de Brasil, Per\u00fa, Colombia, Chile, Ecuador, Venezuela, Argentina, Paraguay, Guatemala y otros pa\u00edses que componen las 7 Provincias de nuestra regi\u00f3n misionera en el mundo.<\/p>\n\n\n\n<p>Entre los temas abordados, el asesor enfatiz\u00f3 que, para la evangelizaci\u00f3n, el proceso es m\u00e1s importante que el resultado y que escuchar es la caracter\u00edstica principal para liderar: \u201cquien no sabe escuchar no sirve para liderar\u201d, enfatiz\u00f3.<\/p>\n\n\n\n<p>Adem\u00e1s, enumer\u00f3 otras caracter\u00edsticas del liderazgo: humildad, obediencia a Dios, apertura al Esp\u00edritu, entrega de s\u00ed mismo, solidaridad, equilibrio y hacer disc\u00edpulos, como proceso que construye juntos. Finalmente, despu\u00e9s de la formaci\u00f3n y el momento de preguntas y respuestas, concluy\u00f3: <strong>&#8220;ser l\u00edder en la pastoral nos invita a ser verdaderamente humanos&#8221;.<\/strong><\/p>\n\n\n\n<p>p. Jonas de P\u00e1dua CSsR<\/p>\n\n\n\n<p>(+) <strong>Marcus Tullius<\/strong> es un destacado comunicador cat\u00f3lico brasile\u00f1o, reconocido por su papel como coordinador nacional de la Pastoral de la Comunicaci\u00f3n (Pascom Brasil)&nbsp;y su labor en la comunicaci\u00f3n pastoral y digital. Master en Comunicaci\u00f3n Social por la PUC-Minas, se enfoca en la formaci\u00f3n de agentes, la comunicaci\u00f3n sinodal y la lucha contra la desinformaci\u00f3n.<\/p>\n","protected":false},"excerpt":{"rendered":"<p>El 24 de abril, la Comisi\u00f3n de Comunicaci\u00f3n de la Conferencia Redentorista de Am\u00e9rica Latina y el Caribe, y la Provincia de Brasilia, realizaron un encuentro de formaci\u00f3n en l\u00ednea con los comunicadores redentoristas a partir del tema \u201cEl ejercicio del liderazgo en la Pastoral\u201d, con Marcus Tullius(*), maestro en comunicaci\u00f3n social y coordinador de [&hellip;]<\/p>\n","protected":false},"author":3,"featured_media":30989,"comment_status":"closed","ping_status":"closed","sticky":false,"template":"","format":"standard","meta":[],"categories":[16],"tags":[],"_links":{"self":[{"href":"https:\/\/www.cssr.news\/spanish\/wp-json\/wp\/v2\/posts\/30970"}],"collection":[{"href":"https:\/\/www.cssr.news\/spanish\/wp-json\/wp\/v2\/posts"}],"about":[{"href":"https:\/\/www.cssr.news\/spanish\/wp-json\/wp\/v2\/types\/post"}],"author":[{"embeddable":true,"href":"https:\/\/www.cssr.news\/spanish\/wp-json\/wp\/v2\/users\/3"}],"replies":[{"embeddable":true,"href":"https:\/\/www.cssr.news\/spanish\/wp-json\/wp\/v2\/comments?post=30970"}],"version-history":[{"count":5,"href":"https:\/\/www.cssr.news\/spanish\/wp-json\/wp\/v2\/posts\/30970\/revisions"}],"predecessor-version":[{"id":30995,"href":"https:\/\/www.cssr.news\/spanish\/wp-json\/wp\/v2\/posts\/30970\/revisions\/30995"}],"wp:featuredmedia":[{"embeddable":true,"href":"https:\/\/www.cssr.news\/spanish\/wp-json\/wp\/v2\/media\/30989"}],"wp:attachment":[{"href":"https:\/\/www.cssr.news\/spanish\/wp-json\/wp\/v2\/media?parent=30970"}],"wp:term":[{"taxonomy":"category","embeddable":true,"href":"https:\/\/www.cssr.news\/spanish\/wp-json\/wp\/v2\/categories?post=30970"},{"taxonomy":"post_tag","embeddable":true,"href":"https:\/\/www.cssr.news\/spanish\/wp-json\/wp\/v2\/tags?post=30970"}],"curies":[{"name":"wp","href":"https:\/\/api.w.org\/{rel}","templated":true}]}}