{"id":30991,"date":"2026-04-28T09:45:00","date_gmt":"2026-04-28T07:45:00","guid":{"rendered":"https:\/\/www.cssr.news\/spanish\/?p=30991"},"modified":"2026-04-29T09:58:40","modified_gmt":"2026-04-29T07:58:40","slug":"el-salvador-ordenacion-diaconal-de-oscar-vargas-c-ss-r-y-presbiteral-de-fermin-guevara-c-ss-r","status":"publish","type":"post","link":"https:\/\/www.cssr.news\/spanish\/2026\/04\/el-salvador-ordenacion-diaconal-de-oscar-vargas-c-ss-r-y-presbiteral-de-fermin-guevara-c-ss-r\/","title":{"rendered":"El Salvador: Ordenaci\u00f3n Diaconal de \u00d3scar Vargas C.Ss.R. y Presbiteral de Ferm\u00edn Guevara C.Ss.R."},"content":{"rendered":"\n<p>El 25 de abril, El Salvador y la Provincia Madre del Perpetuo Socorro, provincia Redentorista de Am\u00e9rica Central y el Caribe, vivieron un momento de grande alegr\u00eda con la <strong>ordenaci\u00f3n sacerdotal del di\u00e1cono Ferm\u00edn Guevara, C.Ss.R.<\/strong> y la <strong>ordenaci\u00f3n Diaconal de \u00d3scar Vargas C.Ss.R<\/strong>. conferida mediante la imposici\u00f3n de manos de Mons. Jos\u00e9 Luis Escobar Alas, Arzobispo de San Salvador en la Parroquia Nuestra Se\u00f1ora del Perpetuo Socorro de San Salvador.<\/p>\n\n\n\n<p>Entre los presentes estaba el Superior Provincial, P. Raphael Thierry, CSsR, el provincial de la Provincia Bolivia-Per\u00fa, P. Boris Calzadilla CSsR y muchos otros sacerdotes redentoristas, adem\u00e1s de familares y fieles de los diferentes lugares donde han trabajado los j\u00f3venes religiosos redentoristas.<\/p>\n\n\n\n<p>Durante la homil\u00eda, el arzobispo Escobar Alas ha querido recordar que la ordenaci\u00f3n es un don y nadie es digno. El Se\u00f1or nos elegido para esta misi\u00f3n. Citando la primera lectura, el profeta Isaias nos cuenta su vocaci\u00f3n y esto vale tambi\u00e9n para los que son elegidos para el sacerdocio, es decir, los elegidos, son elegidos  para ser consagrados y ser fieles al Se\u00f1or. Esto significa el compromiso de vida, pero antes est\u00e1 la llamada, el don de la llamada.<\/p>\n\n\n\n<p>Luego el arzobispo ha preguntado a todos: \u00bfQu\u00e9 es la fe? y ha dicho: La fe en Cristo consiste en 2 cosas:<\/p>\n\n\n\n<ul><li>el don de Dios, porque Dios es tan bueno que nos ha dado a su hijo, entonces la fe es acoger a su hijo, a Cristo, porque Cristo se nos da y depende de nosotros acogerlo.<\/li><li>la segunda cosa es darnos al Se\u00f1or, es decir, consagrar nuestra vida a Dios, estar en las manos de Cristo. Esto es para todos, pero de modo especial para los sacerdotes. Ellos tienen que configurarse con Cristo. Para cuidar al pueblo de Dios. El pastor, tiene que ser otro Cristo, porque representa a Cristo.<\/li><\/ul>\n\n\n\n<p>Tambi\u00e9n agreg\u00f3 hacia el final de la homil\u00eda: <em>&#8220;Deseo expresar un agradecimiento a los redentoristas. Por la gran misi\u00f3n que han hecho en este pa\u00eds y en todo Centro Am\u00e9rica, y siguen haciendo, siguen misionando en todas partes del mundo. En nuestro pa\u00eds, la gente los recuerda mucho porque cuando iban de misi\u00f3n, dejaban en cada pueblo la Cruz de la Misi\u00f3n. Y todav\u00eda est\u00e1n esas cruces\u2026 Estamos recordando algo de la mitad del siglo pasado. Somos testigos del trabajo, del esfuerzo de la abnegaci\u00f3n de los misioneros redentoristas. Aprovecho la presencia de los superiores redentoristas aqu\u00ed presentes para agradecerlos.&#8221;<\/em><\/p>\n\n\n\n<figure class=\"wp-block-gallery columns-3 is-cropped\"><ul class=\"blocks-gallery-grid\"><li class=\"blocks-gallery-item\"><figure><a href=\"http:\/\/www.cssr.news\/spanish\/wp-content\/uploads\/sites\/3\/2026\/04\/sn2026_2504ordenacion_centroamerica01.jpg\"><img width=\"768\" height=\"1024\" src=\"http:\/\/www.cssr.news\/spanish\/wp-content\/uploads\/sites\/3\/2026\/04\/sn2026_2504ordenacion_centroamerica01-768x1024.jpg\" alt=\"\" data-id=\"31047\" data-full-url=\"http:\/\/www.cssr.news\/spanish\/wp-content\/uploads\/sites\/3\/2026\/04\/sn2026_2504ordenacion_centroamerica01.jpg\" data-link=\"https:\/\/www.cssr.news\/spanish\/?attachment_id=31047\" class=\"wp-image-31047\" srcset=\"https:\/\/www.cssr.news\/spanish\/wp-content\/uploads\/sites\/3\/2026\/04\/sn2026_2504ordenacion_centroamerica01-768x1024.jpg 768w, https:\/\/www.cssr.news\/spanish\/wp-content\/uploads\/sites\/3\/2026\/04\/sn2026_2504ordenacion_centroamerica01-225x300.jpg 225w, https:\/\/www.cssr.news\/spanish\/wp-content\/uploads\/sites\/3\/2026\/04\/sn2026_2504ordenacion_centroamerica01-696x928.jpg 696w, https:\/\/www.cssr.news\/spanish\/wp-content\/uploads\/sites\/3\/2026\/04\/sn2026_2504ordenacion_centroamerica01-315x420.jpg 315w, https:\/\/www.cssr.news\/spanish\/wp-content\/uploads\/sites\/3\/2026\/04\/sn2026_2504ordenacion_centroamerica01.jpg 960w\" sizes=\"(max-width: 768px) 100vw, 768px\" \/><\/a><\/figure><\/li><li class=\"blocks-gallery-item\"><figure><a href=\"http:\/\/www.cssr.news\/spanish\/wp-content\/uploads\/sites\/3\/2026\/04\/sn2026_2504ordenacion_centroamerica02.jpg\"><img width=\"768\" height=\"1024\" src=\"http:\/\/www.cssr.news\/spanish\/wp-content\/uploads\/sites\/3\/2026\/04\/sn2026_2504ordenacion_centroamerica02-768x1024.jpg\" alt=\"\" data-id=\"31046\" data-full-url=\"http:\/\/www.cssr.news\/spanish\/wp-content\/uploads\/sites\/3\/2026\/04\/sn2026_2504ordenacion_centroamerica02.jpg\" data-link=\"https:\/\/www.cssr.news\/spanish\/?attachment_id=31046\" class=\"wp-image-31046\" srcset=\"https:\/\/www.cssr.news\/spanish\/wp-content\/uploads\/sites\/3\/2026\/04\/sn2026_2504ordenacion_centroamerica02-768x1024.jpg 768w, https:\/\/www.cssr.news\/spanish\/wp-content\/uploads\/sites\/3\/2026\/04\/sn2026_2504ordenacion_centroamerica02-225x300.jpg 225w, https:\/\/www.cssr.news\/spanish\/wp-content\/uploads\/sites\/3\/2026\/04\/sn2026_2504ordenacion_centroamerica02-696x928.jpg 696w, https:\/\/www.cssr.news\/spanish\/wp-content\/uploads\/sites\/3\/2026\/04\/sn2026_2504ordenacion_centroamerica02-315x420.jpg 315w, https:\/\/www.cssr.news\/spanish\/wp-content\/uploads\/sites\/3\/2026\/04\/sn2026_2504ordenacion_centroamerica02.jpg 960w\" sizes=\"(max-width: 768px) 100vw, 768px\" \/><\/a><\/figure><\/li><li class=\"blocks-gallery-item\"><figure><a href=\"http:\/\/www.cssr.news\/spanish\/wp-content\/uploads\/sites\/3\/2026\/04\/sn2026_2504ordenacion_centroamerica04.jpg\"><img width=\"1024\" height=\"768\" src=\"http:\/\/www.cssr.news\/spanish\/wp-content\/uploads\/sites\/3\/2026\/04\/sn2026_2504ordenacion_centroamerica04-1024x768.jpg\" alt=\"\" data-id=\"31044\" data-full-url=\"http:\/\/www.cssr.news\/spanish\/wp-content\/uploads\/sites\/3\/2026\/04\/sn2026_2504ordenacion_centroamerica04.jpg\" data-link=\"https:\/\/www.cssr.news\/spanish\/?attachment_id=31044\" class=\"wp-image-31044\" srcset=\"https:\/\/www.cssr.news\/spanish\/wp-content\/uploads\/sites\/3\/2026\/04\/sn2026_2504ordenacion_centroamerica04-1024x768.jpg 1024w, https:\/\/www.cssr.news\/spanish\/wp-content\/uploads\/sites\/3\/2026\/04\/sn2026_2504ordenacion_centroamerica04-300x225.jpg 300w, https:\/\/www.cssr.news\/spanish\/wp-content\/uploads\/sites\/3\/2026\/04\/sn2026_2504ordenacion_centroamerica04-768x576.jpg 768w, https:\/\/www.cssr.news\/spanish\/wp-content\/uploads\/sites\/3\/2026\/04\/sn2026_2504ordenacion_centroamerica04-80x60.jpg 80w, https:\/\/www.cssr.news\/spanish\/wp-content\/uploads\/sites\/3\/2026\/04\/sn2026_2504ordenacion_centroamerica04-265x198.jpg 265w, https:\/\/www.cssr.news\/spanish\/wp-content\/uploads\/sites\/3\/2026\/04\/sn2026_2504ordenacion_centroamerica04-696x522.jpg 696w, https:\/\/www.cssr.news\/spanish\/wp-content\/uploads\/sites\/3\/2026\/04\/sn2026_2504ordenacion_centroamerica04-1068x801.jpg 1068w, https:\/\/www.cssr.news\/spanish\/wp-content\/uploads\/sites\/3\/2026\/04\/sn2026_2504ordenacion_centroamerica04-560x420.jpg 560w, https:\/\/www.cssr.news\/spanish\/wp-content\/uploads\/sites\/3\/2026\/04\/sn2026_2504ordenacion_centroamerica04.jpg 1280w\" sizes=\"(max-width: 1024px) 100vw, 1024px\" \/><\/a><\/figure><\/li><\/ul><\/figure>\n\n\n\n<p>Aqu\u00ed un peque\u00f1o resumen de la vocaci\u00f3n de los candidatos:<\/p>\n\n\n\n<p><strong>\u00d3scar Mauricio Vargas Olivares C.Ss.R.<\/strong><br>Naci\u00f3 en San Miguel, El Salvador, el 6 de junio de 1988. Sus primeros estudios los hizo en el centro escolar Cant\u00f3n San Carlos; el bachillerato en el Instituto Nacional Joaqu\u00edn Ernesto C\u00e1rdenas.<br>Ingres\u00f3 a la Congregacion del Sant\u00edsimo Redentor como aspirante el 7 de febrero del 2016 en Trojes (Honduras) a la casa de formaci\u00f3n Gaspar Stangasinger. Y en el 2017 en San Jos\u00e9, Costa Rica, ingresa al postulantado San Clemente.<br>En el 2020 realiz\u00f3 su noviciado en Bellavista, Buenos Aires, Argentina. Profes\u00f3 sus primeros votos el 21 de enero del 2021 en la parroquia San Gerardo Maria Mayela y Santuario del Santo Cristo de la Agon\u00eda en Alajuela, Costa Rica. En 2023 realiza su a\u00f1o pastoral en Cuba. Prepar\u00f3 los votos perpetuos en Cotue, Rep\u00fablica Dominicana. El 14 de febrero hizo los votos perpetuos en la parroquia Inmaculada Concepci\u00f3n de Cotui, Rep\u00fablica Dominicana.<\/p>\n\n\n\n<p><strong>Di\u00e1cono Ferm\u00edn Benedicto Guevara Chicas C.Ss.R.<\/strong><br>Nace en Moraz\u00e1n, El Salvador, el 26 de agosto de 1987. En el 2015 ingresa como aspirante a la Casa San Clemente, en San Jos\u00e9, Costa Rica. All\u00ed se prepar\u00f3 y estudi\u00f3 filosof\u00eda en el seminario nacional Nuestra Se\u00f1ora de los Angeles. En el 2018 realiz\u00f3 su noviciado en Bucaramanga, Colombia. Profes\u00f3 sus votos religiosos el 23 de enero de 2019 en la Parroquia San Gerardo Maria Mayela en Panam\u00e1. Estudi\u00f3 la teolog\u00eda en la Universidad Centroamericana Jos\u00e9 Sime\u00f3n Ca\u00f1as, UCA. Realiza el a\u00f1o pastoral el 2022 en la parroquia La Santa Cruz, Nuestra Se\u00f1ora del Perpetuo Socorro de Chacarita en Costa Rica. La preparaci\u00f3n a los votos perpetuos la hizo en Goyania, Brasil, que los hizo el 10 de marzo 2025 en Rep\u00fablica Dominicana. El 14 de junio 2025 recibe la ordenaci\u00f3n diaconal en La Habana, Cuba.<\/p>\n\n\n\n<hr class=\"wp-block-separator\"\/>\n\n\n\n<p>En el seno de nuestra familia redentorista, en la capilla del juniorado San Alfonso en San Salvador, al rezar esta ma\u00f1ana los Laudes, los hermanos \u00d3scar y Ferm\u00edn realizaron la profesi\u00f3n de fe y juramento de Fidelidad, previo a la ordenaci\u00f3n diaconal y presbiteral.<\/p>\n\n\n\n<figure class=\"wp-block-gallery columns-2 is-cropped\"><ul class=\"blocks-gallery-grid\"><li class=\"blocks-gallery-item\"><figure><a href=\"https:\/\/www.cssr.news\/spanish\/wp-content\/uploads\/sites\/3\/2026\/04\/sn2026_2504ordenacion_centroamerica06.jpg\"><img width=\"768\" height=\"1024\" src=\"https:\/\/www.cssr.news\/spanish\/wp-content\/uploads\/sites\/3\/2026\/04\/sn2026_2504ordenacion_centroamerica06-768x1024.jpg\" alt=\"\" data-id=\"31042\" data-full-url=\"https:\/\/www.cssr.news\/spanish\/wp-content\/uploads\/sites\/3\/2026\/04\/sn2026_2504ordenacion_centroamerica06.jpg\" data-link=\"https:\/\/www.cssr.news\/spanish\/?attachment_id=31042\" class=\"wp-image-31042\" srcset=\"https:\/\/www.cssr.news\/spanish\/wp-content\/uploads\/sites\/3\/2026\/04\/sn2026_2504ordenacion_centroamerica06-768x1024.jpg 768w, https:\/\/www.cssr.news\/spanish\/wp-content\/uploads\/sites\/3\/2026\/04\/sn2026_2504ordenacion_centroamerica06-225x300.jpg 225w, https:\/\/www.cssr.news\/spanish\/wp-content\/uploads\/sites\/3\/2026\/04\/sn2026_2504ordenacion_centroamerica06-1152x1536.jpg 1152w, https:\/\/www.cssr.news\/spanish\/wp-content\/uploads\/sites\/3\/2026\/04\/sn2026_2504ordenacion_centroamerica06-696x928.jpg 696w, https:\/\/www.cssr.news\/spanish\/wp-content\/uploads\/sites\/3\/2026\/04\/sn2026_2504ordenacion_centroamerica06-1068x1424.jpg 1068w, https:\/\/www.cssr.news\/spanish\/wp-content\/uploads\/sites\/3\/2026\/04\/sn2026_2504ordenacion_centroamerica06-315x420.jpg 315w, https:\/\/www.cssr.news\/spanish\/wp-content\/uploads\/sites\/3\/2026\/04\/sn2026_2504ordenacion_centroamerica06.jpg 1536w\" sizes=\"(max-width: 768px) 100vw, 768px\" \/><\/a><\/figure><\/li><li class=\"blocks-gallery-item\"><figure><a href=\"https:\/\/www.cssr.news\/spanish\/wp-content\/uploads\/sites\/3\/2026\/04\/sn2026_2504ordenacion_centroamerica05.jpg\"><img width=\"768\" height=\"1024\" src=\"https:\/\/www.cssr.news\/spanish\/wp-content\/uploads\/sites\/3\/2026\/04\/sn2026_2504ordenacion_centroamerica05-768x1024.jpg\" alt=\"\" data-id=\"31043\" data-full-url=\"https:\/\/www.cssr.news\/spanish\/wp-content\/uploads\/sites\/3\/2026\/04\/sn2026_2504ordenacion_centroamerica05.jpg\" data-link=\"https:\/\/www.cssr.news\/spanish\/?attachment_id=31043\" class=\"wp-image-31043\" srcset=\"https:\/\/www.cssr.news\/spanish\/wp-content\/uploads\/sites\/3\/2026\/04\/sn2026_2504ordenacion_centroamerica05-768x1024.jpg 768w, https:\/\/www.cssr.news\/spanish\/wp-content\/uploads\/sites\/3\/2026\/04\/sn2026_2504ordenacion_centroamerica05-225x300.jpg 225w, https:\/\/www.cssr.news\/spanish\/wp-content\/uploads\/sites\/3\/2026\/04\/sn2026_2504ordenacion_centroamerica05-1152x1536.jpg 1152w, https:\/\/www.cssr.news\/spanish\/wp-content\/uploads\/sites\/3\/2026\/04\/sn2026_2504ordenacion_centroamerica05-696x928.jpg 696w, https:\/\/www.cssr.news\/spanish\/wp-content\/uploads\/sites\/3\/2026\/04\/sn2026_2504ordenacion_centroamerica05-1068x1424.jpg 1068w, https:\/\/www.cssr.news\/spanish\/wp-content\/uploads\/sites\/3\/2026\/04\/sn2026_2504ordenacion_centroamerica05-315x420.jpg 315w, https:\/\/www.cssr.news\/spanish\/wp-content\/uploads\/sites\/3\/2026\/04\/sn2026_2504ordenacion_centroamerica05.jpg 1536w\" sizes=\"(max-width: 768px) 100vw, 768px\" \/><\/a><\/figure><\/li><\/ul><\/figure>\n\n\n\n<p>Fuente: P\u00e1ginas de facebook de la Parroquia Perpetuo Socorro San Salvador:<\/p>\n\n\n\n<p><a href=\"https:\/\/www.facebook.com\/perpetuosocorro.sansalvador\">https:\/\/www.facebook.com\/perpetuosocorro.sansalvador<\/a><\/p>\n\n\n\n<p>y Parroquia San Cristobal, ciudad de Guatemala:<\/p>\n\n\n\n<p><a href=\"https:\/\/www.facebook.com\/SanCristobalZ11\">https:\/\/www.facebook.com\/SanCristobalZ11<\/a><\/p>\n","protected":false},"excerpt":{"rendered":"<p>El 25 de abril, El Salvador y la Provincia Madre del Perpetuo Socorro, provincia Redentorista de Am\u00e9rica Central y el Caribe, vivieron un momento de grande alegr\u00eda con la ordenaci\u00f3n sacerdotal del di\u00e1cono Ferm\u00edn Guevara, C.Ss.R. y la ordenaci\u00f3n Diaconal de \u00d3scar Vargas C.Ss.R. conferida mediante la imposici\u00f3n de manos de Mons. Jos\u00e9 Luis Escobar [&hellip;]<\/p>\n","protected":false},"author":3,"featured_media":31045,"comment_status":"closed","ping_status":"closed","sticky":false,"template":"","format":"standard","meta":[],"categories":[15],"tags":[],"_links":{"self":[{"href":"https:\/\/www.cssr.news\/spanish\/wp-json\/wp\/v2\/posts\/30991"}],"collection":[{"href":"https:\/\/www.cssr.news\/spanish\/wp-json\/wp\/v2\/posts"}],"about":[{"href":"https:\/\/www.cssr.news\/spanish\/wp-json\/wp\/v2\/types\/post"}],"author":[{"embeddable":true,"href":"https:\/\/www.cssr.news\/spanish\/wp-json\/wp\/v2\/users\/3"}],"replies":[{"embeddable":true,"href":"https:\/\/www.cssr.news\/spanish\/wp-json\/wp\/v2\/comments?post=30991"}],"version-history":[{"count":10,"href":"https:\/\/www.cssr.news\/spanish\/wp-json\/wp\/v2\/posts\/30991\/revisions"}],"predecessor-version":[{"id":31048,"href":"https:\/\/www.cssr.news\/spanish\/wp-json\/wp\/v2\/posts\/30991\/revisions\/31048"}],"wp:featuredmedia":[{"embeddable":true,"href":"https:\/\/www.cssr.news\/spanish\/wp-json\/wp\/v2\/media\/31045"}],"wp:attachment":[{"href":"https:\/\/www.cssr.news\/spanish\/wp-json\/wp\/v2\/media?parent=30991"}],"wp:term":[{"taxonomy":"category","embeddable":true,"href":"https:\/\/www.cssr.news\/spanish\/wp-json\/wp\/v2\/categories?post=30991"},{"taxonomy":"post_tag","embeddable":true,"href":"https:\/\/www.cssr.news\/spanish\/wp-json\/wp\/v2\/tags?post=30991"}],"curies":[{"name":"wp","href":"https:\/\/api.w.org\/{rel}","templated":true}]}}