{"id":31016,"date":"2026-04-28T18:14:31","date_gmt":"2026-04-28T16:14:31","guid":{"rendered":"https:\/\/www.cssr.news\/spanish\/?p=31016"},"modified":"2026-04-28T18:14:33","modified_gmt":"2026-04-28T16:14:33","slug":"bella-vista-cuna-de-la-abundante-redencion-en-el-paraguay","status":"publish","type":"post","link":"https:\/\/www.cssr.news\/spanish\/2026\/04\/bella-vista-cuna-de-la-abundante-redencion-en-el-paraguay\/","title":{"rendered":"Bella Vista: Cuna de la Abundante Redenci\u00f3n en el Paraguay"},"content":{"rendered":"\n<p>El 28 de abril de 1930 qued\u00f3 grabado como una fecha luminosa en la historia de la Congregaci\u00f3n del Sant\u00edsimo Redentor en tierras paraguayas. Aquel d\u00eda, el Padre Francisco Mohr, C.Ss.R., movido por el ardor misionero y el deseo de anunciar el Evangelio, cruz\u00f3 las aguas del R\u00edo Apa desde Bella Vista, Brasil, para llegar hasta la peque\u00f1a Iglesia de Mar\u00eda Auxiliadora en Bella Vista, Paraguay.<\/p>\n\n\n\n<p>Aquella capilla, dedicada a la Sant\u00edsima Virgen bajo la advocaci\u00f3n de Mar\u00eda Auxiliadora, era atendida pastoralmente por los padres salesianos que llegaban desde Concepci\u00f3n. En ese humilde templo mariano, providencialmente, comenz\u00f3 a escribirse una nueva p\u00e1gina de la historia eclesial del Paraguay.<\/p>\n\n\n\n<p>Lo que parec\u00eda una visita sencilla y silenciosa se convirti\u00f3 en el inicio de una gran obra evangelizadora. Con aquel paso humilde sobre tierra paraguaya nac\u00eda la presencia redentorista en nuestro pa\u00eds. Por eso, con profunda gratitud y emoci\u00f3n, reconocemos a Bella Vista como la Cuna de la Abundante Redenci\u00f3n en el Paraguay.<\/p>\n\n\n\n<p>Desde este rinc\u00f3n bendecido por Dios empez\u00f3 a sembrarse el carisma legado por San Alfonso Mar\u00eda de Ligorio: anunciar la Redenci\u00f3n abundante, llevar esperanza a los pobres, consolar a los corazones heridos y encender en el pueblo la certeza del amor misericordioso de Cristo.<\/p>\n\n\n\n<p>Con el paso de los a\u00f1os, la memoria de aquel acontecimiento qued\u00f3 tambi\u00e9n sellada en las orillas del R\u00edo Apa, donde se levant\u00f3 una gruta dedicada a la Madre del Perpetuo Socorro, como signo de protecci\u00f3n y presencia materna entre ambos pueblos hermanos. All\u00ed la Virgen es venerada con cari\u00f1o como la \u201cVirgen del Apa, guardiana de la frontera y estrella de la misi\u00f3n redentorista.<\/p>\n\n\n\n<p>Bella Vista no es solamente un lugar geogr\u00e1fico en nuestra memoria; es tierra sagrada para la misi\u00f3n redentorista. All\u00ed comenz\u00f3 una historia de entrega, de comunidades vivas, de misioneros generosos y de innumerables personas que encontraron en la Iglesia un hogar y en Cristo un Salvador cercano.<\/p>\n\n\n\n<p>Hoy, al recordar tantos a\u00f1os de presencia redentorista, elevamos nuestra acci\u00f3n de gracias a Dios por los frutos sembrados y cosechados. Renovamos tambi\u00e9n el compromiso de seguir caminando con el mismo esp\u00edritu misionero de los primeros tiempos: con valent\u00eda, sencillez y pasi\u00f3n apost\u00f3lica.<\/p>\n\n\n\n<p>Que Bella Vista siga siendo faro de fe, memoria agradecida y manantial de nuevas vocaciones, para que la Abundante Redenci\u00f3n contin\u00fae llegando a cada rinc\u00f3n del Paraguay.<\/p>\n\n\n\n<p>P. Antonio Morel, C.Ss.R.<\/p>\n","protected":false},"excerpt":{"rendered":"<p>El 28 de abril de 1930 qued\u00f3 grabado como una fecha luminosa en la historia de la Congregaci\u00f3n del Sant\u00edsimo Redentor en tierras paraguayas. Aquel d\u00eda, el Padre Francisco Mohr, C.Ss.R., movido por el ardor misionero y el deseo de anunciar el Evangelio, cruz\u00f3 las aguas del R\u00edo Apa desde Bella Vista, Brasil, para llegar [&hellip;]<\/p>\n","protected":false},"author":3,"featured_media":31017,"comment_status":"closed","ping_status":"closed","sticky":false,"template":"","format":"standard","meta":[],"categories":[30],"tags":[],"_links":{"self":[{"href":"https:\/\/www.cssr.news\/spanish\/wp-json\/wp\/v2\/posts\/31016"}],"collection":[{"href":"https:\/\/www.cssr.news\/spanish\/wp-json\/wp\/v2\/posts"}],"about":[{"href":"https:\/\/www.cssr.news\/spanish\/wp-json\/wp\/v2\/types\/post"}],"author":[{"embeddable":true,"href":"https:\/\/www.cssr.news\/spanish\/wp-json\/wp\/v2\/users\/3"}],"replies":[{"embeddable":true,"href":"https:\/\/www.cssr.news\/spanish\/wp-json\/wp\/v2\/comments?post=31016"}],"version-history":[{"count":1,"href":"https:\/\/www.cssr.news\/spanish\/wp-json\/wp\/v2\/posts\/31016\/revisions"}],"predecessor-version":[{"id":31018,"href":"https:\/\/www.cssr.news\/spanish\/wp-json\/wp\/v2\/posts\/31016\/revisions\/31018"}],"wp:featuredmedia":[{"embeddable":true,"href":"https:\/\/www.cssr.news\/spanish\/wp-json\/wp\/v2\/media\/31017"}],"wp:attachment":[{"href":"https:\/\/www.cssr.news\/spanish\/wp-json\/wp\/v2\/media?parent=31016"}],"wp:term":[{"taxonomy":"category","embeddable":true,"href":"https:\/\/www.cssr.news\/spanish\/wp-json\/wp\/v2\/categories?post=31016"},{"taxonomy":"post_tag","embeddable":true,"href":"https:\/\/www.cssr.news\/spanish\/wp-json\/wp\/v2\/tags?post=31016"}],"curies":[{"name":"wp","href":"https:\/\/api.w.org\/{rel}","templated":true}]}}