{"id":31019,"date":"2026-04-28T07:06:00","date_gmt":"2026-04-28T05:06:00","guid":{"rendered":"https:\/\/www.cssr.news\/spanish\/?p=31019"},"modified":"2026-04-28T19:11:54","modified_gmt":"2026-04-28T17:11:54","slug":"lituania-la-secretaria-para-las-iniciativas-misioneras-en-europa-en-su-primera-reunion","status":"publish","type":"post","link":"https:\/\/www.cssr.news\/spanish\/2026\/04\/lituania-la-secretaria-para-las-iniciativas-misioneras-en-europa-en-su-primera-reunion\/","title":{"rendered":"Lituania: La Secretar\u00eda para las Iniciativas Misioneras en Europa en su primera reuni\u00f3n"},"content":{"rendered":"\n<p>La reci\u00e9n creada Secretar\u00eda para Nuevas Iniciativas Misioneras en Europa se reuni\u00f3 por primera vez en Kaunas, Lituania, del mi\u00e9rcoles 22 al viernes 24 de abril, donde fue recibida calurosamente por la comunidad redentorista local.<\/p>\n\n\n\n<p>La Secretar\u00eda est\u00e1 integrada por cuatro sacerdotes de diferentes partes de Europa: el padre Laureano del Otero Sevillano (de Espa\u00f1a, residente en Ciorani, Italia), el padre Pedro L\u00f3pez (de Espa\u00f1a, residente en Oporto, Portugal), el padre Rastislav Dluh\u00fd (de Eslovaquia, residente en Kaunas, Lituania) y el padre Peter Morris (de Escocia, residente en Londres, Inglaterra).<\/p>\n\n\n\n<p>Las deliberaciones se llevaron a cabo en ingl\u00e9s y espa\u00f1ol, con la ayuda de herramientas de traducci\u00f3n electr\u00f3nica e interpretaci\u00f3n simult\u00e1nea para garantizar que todos los miembros pudieran seguir y participar plenamente en las conversaciones.<\/p>\n\n\n\n<p>La agenda abarc\u00f3 una amplia gama de temas, incluyendo las nuevas realidades derivadas del proceso de reestructuraci\u00f3n en curso, experiencias de vida y misi\u00f3n apost\u00f3lica, colaboraci\u00f3n con socios misioneros y el discernimiento de posibles nuevas iniciativas misioneras en toda Europa.<\/p>\n\n\n\n<figure class=\"wp-block-gallery columns-3 is-cropped\"><ul class=\"blocks-gallery-grid\"><li class=\"blocks-gallery-item\"><figure><a href=\"https:\/\/www.cssr.news\/italian\/wp-content\/uploads\/sites\/2\/2026\/04\/sn260427-kaunas12_scaled.jpg\"><img src=\"https:\/\/www.cssr.news\/italian\/wp-content\/uploads\/sites\/2\/2026\/04\/sn260427-kaunas12_scaled-1024x575.jpg\" alt=\"\" data-id=\"33434\" data-full-url=\"https:\/\/www.cssr.news\/italian\/wp-content\/uploads\/sites\/2\/2026\/04\/sn260427-kaunas12_scaled.jpg\" data-link=\"https:\/\/www.cssr.news\/italian\/?attachment_id=33434\" class=\"wp-image-33434\"\/><\/a><\/figure><\/li><li class=\"blocks-gallery-item\"><figure><a href=\"https:\/\/www.cssr.news\/italian\/wp-content\/uploads\/sites\/2\/2026\/04\/sn260427-kaunas10_scaled.jpg\"><img src=\"https:\/\/www.cssr.news\/italian\/wp-content\/uploads\/sites\/2\/2026\/04\/sn260427-kaunas10_scaled-1024x573.jpg\" alt=\"\" data-id=\"33432\" data-full-url=\"https:\/\/www.cssr.news\/italian\/wp-content\/uploads\/sites\/2\/2026\/04\/sn260427-kaunas10_scaled.jpg\" data-link=\"https:\/\/www.cssr.news\/italian\/?attachment_id=33432\" class=\"wp-image-33432\"\/><\/a><\/figure><\/li><li class=\"blocks-gallery-item\"><figure><a href=\"https:\/\/www.cssr.news\/italian\/wp-content\/uploads\/sites\/2\/2026\/04\/sn260427-kaunas11_scaled.jpg\"><img src=\"https:\/\/www.cssr.news\/italian\/wp-content\/uploads\/sites\/2\/2026\/04\/sn260427-kaunas11_scaled-1024x578.jpg\" alt=\"\" data-id=\"33433\" data-full-url=\"https:\/\/www.cssr.news\/italian\/wp-content\/uploads\/sites\/2\/2026\/04\/sn260427-kaunas11_scaled.jpg\" data-link=\"https:\/\/www.cssr.news\/italian\/?attachment_id=33433\" class=\"wp-image-33433\"\/><\/a><\/figure><\/li><li class=\"blocks-gallery-item\"><figure><a href=\"https:\/\/www.cssr.news\/italian\/wp-content\/uploads\/sites\/2\/2026\/04\/sn260427-kaunas13_scaled.jpg\"><img src=\"https:\/\/www.cssr.news\/italian\/wp-content\/uploads\/sites\/2\/2026\/04\/sn260427-kaunas13_scaled-1024x702.jpg\" alt=\"\" data-id=\"33435\" data-full-url=\"https:\/\/www.cssr.news\/italian\/wp-content\/uploads\/sites\/2\/2026\/04\/sn260427-kaunas13_scaled.jpg\" data-link=\"https:\/\/www.cssr.news\/italian\/?attachment_id=33435\" class=\"wp-image-33435\"\/><\/a><\/figure><\/li><li class=\"blocks-gallery-item\"><figure><a href=\"http:\/\/www.cssr.news\/italian\/wp-content\/uploads\/sites\/2\/2026\/04\/sn260427-kaunas2-1024x683.jpg\"><img src=\"http:\/\/www.cssr.news\/italian\/wp-content\/uploads\/sites\/2\/2026\/04\/sn260427-kaunas2-1024x683.jpg\" alt=\"\" data-id=\"33431\" data-link=\"https:\/\/www.cssr.news\/italian\/?attachment_id=33431\" class=\"wp-image-33431\"\/><\/a><\/figure><\/li><\/ul><\/figure>\n\n\n\n<p>Adem\u00e1s de las reuniones formales, los d\u00edas se enriquecieron con encuentros, tanto programados como espont\u00e1neos, con miembros de la gran comunidad redentorista de Kaunas. El mi\u00e9rcoles por la noche, despu\u00e9s de la misa, un evento en el que se present\u00f3 a San Gerardo Majella a los fieles atrajo a una gran multitud, tras haber sido ampliamente difundido por toda la ciudad. Muchos se acercaron al final de la velada para recibir la bendici\u00f3n con la reliquia del santo. Luego, en un giro inesperado de los acontecimientos, el viernes, un encuentro casual con el director de Radio Mar\u00eda Lituania llev\u00f3 a los miembros restantes de la secretar\u00eda a grabar un programa sobre San Gerardo, que se transmitir\u00e1 a nivel nacional.<\/p>\n\n\n\n<p>El coordinador de la Conferencia Europea, el P. Piotr Chy\u0142a, hubiera querido estar presente en persona, pero no pudo viajar debido a la cancelaci\u00f3n de vuelos. Se uni\u00f3 al grupo de forma remota el viernes por la tarde y expres\u00f3 su agradecimiento por su trabajo, ofreciendo un c\u00e1lido \u00e1nimo a los miembros de cara al camino que tienen por delante.<\/p>\n\n\n\n<p>A lo largo de los tres d\u00edas, las reuniones se caracterizaron por la sinceridad, una pasi\u00f3n compartida por la misi\u00f3n y un constante buen humor.<\/p>\n\n\n\n<p>P. Peter Morris, CSSR<\/p>\n","protected":false},"excerpt":{"rendered":"<p>La reci\u00e9n creada Secretar\u00eda para Nuevas Iniciativas Misioneras en Europa se reuni\u00f3 por primera vez en Kaunas, Lituania, del mi\u00e9rcoles 22 al viernes 24 de abril, donde fue recibida calurosamente por la comunidad redentorista local. La Secretar\u00eda est\u00e1 integrada por cuatro sacerdotes de diferentes partes de Europa: el padre Laureano del Otero Sevillano (de Espa\u00f1a, [&hellip;]<\/p>\n","protected":false},"author":3,"featured_media":31020,"comment_status":"closed","ping_status":"closed","sticky":false,"template":"","format":"standard","meta":[],"categories":[11,40],"tags":[],"_links":{"self":[{"href":"https:\/\/www.cssr.news\/spanish\/wp-json\/wp\/v2\/posts\/31019"}],"collection":[{"href":"https:\/\/www.cssr.news\/spanish\/wp-json\/wp\/v2\/posts"}],"about":[{"href":"https:\/\/www.cssr.news\/spanish\/wp-json\/wp\/v2\/types\/post"}],"author":[{"embeddable":true,"href":"https:\/\/www.cssr.news\/spanish\/wp-json\/wp\/v2\/users\/3"}],"replies":[{"embeddable":true,"href":"https:\/\/www.cssr.news\/spanish\/wp-json\/wp\/v2\/comments?post=31019"}],"version-history":[{"count":2,"href":"https:\/\/www.cssr.news\/spanish\/wp-json\/wp\/v2\/posts\/31019\/revisions"}],"predecessor-version":[{"id":31022,"href":"https:\/\/www.cssr.news\/spanish\/wp-json\/wp\/v2\/posts\/31019\/revisions\/31022"}],"wp:featuredmedia":[{"embeddable":true,"href":"https:\/\/www.cssr.news\/spanish\/wp-json\/wp\/v2\/media\/31020"}],"wp:attachment":[{"href":"https:\/\/www.cssr.news\/spanish\/wp-json\/wp\/v2\/media?parent=31019"}],"wp:term":[{"taxonomy":"category","embeddable":true,"href":"https:\/\/www.cssr.news\/spanish\/wp-json\/wp\/v2\/categories?post=31019"},{"taxonomy":"post_tag","embeddable":true,"href":"https:\/\/www.cssr.news\/spanish\/wp-json\/wp\/v2\/tags?post=31019"}],"curies":[{"name":"wp","href":"https:\/\/api.w.org\/{rel}","templated":true}]}}