{"id":31023,"date":"2026-04-28T19:17:29","date_gmt":"2026-04-28T17:17:29","guid":{"rendered":"https:\/\/www.cssr.news\/spanish\/?p=31023"},"modified":"2026-05-01T14:48:59","modified_gmt":"2026-05-01T12:48:59","slug":"despedida-del-padre-antonio-marrazzo-cssr-una-vida-dedicada-a-la-mision","status":"publish","type":"post","link":"https:\/\/www.cssr.news\/spanish\/2026\/04\/despedida-del-padre-antonio-marrazzo-cssr-una-vida-dedicada-a-la-mision\/","title":{"rendered":"Despedida del Padre Antonio Marrazzo CSsR: una vida dedicada a la misi\u00f3n"},"content":{"rendered":"\n<p class=\"has-text-align-center\"><strong>La comunidad redentorista de Roma despidi\u00f3 a su hermano fallecido.<\/strong><\/p>\n\n\n\n<p>Roma, 28 de abril de 2026<\/p>\n\n\n\n<p>Esta ma\u00f1ana, a las 10:00 a. m., se celebr\u00f3 el funeral del Padre Antonio Marrazzo, CSsR, en el Santuario de Nuestra Se\u00f1ora del Perpetuo Socorro en Roma. Falleci\u00f3 el domingo 26 de abril. La misa de funeral fue presidida por el Arzobispo Alfonso Amarante, CSsR, Arzobispo y Rector de la Pontificia Universidad Lateranense.<\/p>\n\n\n\n<p>La homil\u00eda estuvo a cargo del Superior General, Padre Rog\u00e9rio Gomes, CSsR, quien conmovi\u00f3 profundamente a los presentes con un recuerdo personal y emotivo. Relat\u00f3 las \u00faltimas horas de la vida del Padre Antonio, su muerte serena y el hermoso testimonio de vida redentorista que encarn\u00f3 hasta el final. Destac\u00f3 especialmente su larga trayectoria como Postulador General de la Congregaci\u00f3n, cargo que desempe\u00f1\u00f3 con total dedicaci\u00f3n durante casi cuarenta a\u00f1os. \u00abEn cierto modo, toc\u00f3 la vida de aquellos que permitieron que Dios los moldeara, convirti\u00e9ndose en signos vivientes de la presencia del Redentor en el mundo\u00bb, dijo.<\/p>\n\n\n\n<p>El padre Gomes tambi\u00e9n agradeci\u00f3 personalmente a los hermanos de la comunidad, al m\u00e9dico y a los colaboradores que acompa\u00f1aron al padre Marrazzo con el servicio fraterno durante los \u00faltimos meses de su enfermedad.<\/p>\n\n\n\n<figure class=\"wp-block-gallery columns-3 is-cropped\"><ul class=\"blocks-gallery-grid\"><li class=\"blocks-gallery-item\"><figure><a href=\"https:\/\/www.cssr.news\/italian\/wp-content\/uploads\/sites\/2\/2026\/04\/WhatsApp-Image-2026-04-28-at-16.14.20-10.jpeg\"><img src=\"https:\/\/www.cssr.news\/italian\/wp-content\/uploads\/sites\/2\/2026\/04\/WhatsApp-Image-2026-04-28-at-16.14.20-10-1024x682.jpeg\" alt=\"\" data-id=\"33447\" data-full-url=\"https:\/\/www.cssr.news\/italian\/wp-content\/uploads\/sites\/2\/2026\/04\/WhatsApp-Image-2026-04-28-at-16.14.20-10.jpeg\" data-link=\"https:\/\/www.cssr.news\/italian\/2026\/04\/laddio-a-padre-antonio-marrazzo-cssr-una-vita-donata-alla-missione\/whatsapp-image-2026-04-28-at-16-14-20-10\/\" class=\"wp-image-33447\"\/><\/a><\/figure><\/li><li class=\"blocks-gallery-item\"><figure><a href=\"https:\/\/www.cssr.news\/italian\/wp-content\/uploads\/sites\/2\/2026\/04\/WhatsApp-Image-2026-04-28-at-16.14.20-9.jpeg\"><img src=\"https:\/\/www.cssr.news\/italian\/wp-content\/uploads\/sites\/2\/2026\/04\/WhatsApp-Image-2026-04-28-at-16.14.20-9-1024x682.jpeg\" alt=\"\" data-id=\"33448\" data-full-url=\"https:\/\/www.cssr.news\/italian\/wp-content\/uploads\/sites\/2\/2026\/04\/WhatsApp-Image-2026-04-28-at-16.14.20-9.jpeg\" data-link=\"https:\/\/www.cssr.news\/italian\/2026\/04\/laddio-a-padre-antonio-marrazzo-cssr-una-vita-donata-alla-missione\/whatsapp-image-2026-04-28-at-16-14-20-9\/\" class=\"wp-image-33448\"\/><\/a><\/figure><\/li><li class=\"blocks-gallery-item\"><figure><a href=\"https:\/\/www.cssr.news\/italian\/wp-content\/uploads\/sites\/2\/2026\/04\/WhatsApp-Image-2026-04-28-at-16.14.20-7.jpeg\"><img src=\"https:\/\/www.cssr.news\/italian\/wp-content\/uploads\/sites\/2\/2026\/04\/WhatsApp-Image-2026-04-28-at-16.14.20-7-1024x682.jpeg\" alt=\"\" data-id=\"33449\" data-full-url=\"https:\/\/www.cssr.news\/italian\/wp-content\/uploads\/sites\/2\/2026\/04\/WhatsApp-Image-2026-04-28-at-16.14.20-7.jpeg\" data-link=\"https:\/\/www.cssr.news\/italian\/2026\/04\/laddio-a-padre-antonio-marrazzo-cssr-una-vita-donata-alla-missione\/whatsapp-image-2026-04-28-at-16-14-20-7\/\" class=\"wp-image-33449\"\/><\/a><\/figure><\/li><li class=\"blocks-gallery-item\"><figure><a href=\"https:\/\/www.cssr.news\/italian\/wp-content\/uploads\/sites\/2\/2026\/04\/WhatsApp-Image-2026-04-28-at-16.14.20-6.jpeg\"><img src=\"https:\/\/www.cssr.news\/italian\/wp-content\/uploads\/sites\/2\/2026\/04\/WhatsApp-Image-2026-04-28-at-16.14.20-6-1024x682.jpeg\" alt=\"\" data-id=\"33450\" data-full-url=\"https:\/\/www.cssr.news\/italian\/wp-content\/uploads\/sites\/2\/2026\/04\/WhatsApp-Image-2026-04-28-at-16.14.20-6.jpeg\" data-link=\"https:\/\/www.cssr.news\/italian\/2026\/04\/laddio-a-padre-antonio-marrazzo-cssr-una-vita-donata-alla-missione\/whatsapp-image-2026-04-28-at-16-14-20-6\/\" class=\"wp-image-33450\"\/><\/a><\/figure><\/li><li class=\"blocks-gallery-item\"><figure><a href=\"https:\/\/www.cssr.news\/italian\/wp-content\/uploads\/sites\/2\/2026\/04\/WhatsApp-Image-2026-04-28-at-16.14.20-3.jpeg\"><img src=\"https:\/\/www.cssr.news\/italian\/wp-content\/uploads\/sites\/2\/2026\/04\/WhatsApp-Image-2026-04-28-at-16.14.20-3-1024x682.jpeg\" alt=\"\" data-id=\"33452\" data-full-url=\"https:\/\/www.cssr.news\/italian\/wp-content\/uploads\/sites\/2\/2026\/04\/WhatsApp-Image-2026-04-28-at-16.14.20-3.jpeg\" data-link=\"https:\/\/www.cssr.news\/italian\/2026\/04\/laddio-a-padre-antonio-marrazzo-cssr-una-vita-donata-alla-missione\/whatsapp-image-2026-04-28-at-16-14-20-3\/\" class=\"wp-image-33452\"\/><\/a><\/figure><\/li><li class=\"blocks-gallery-item\"><figure><a href=\"https:\/\/www.cssr.news\/italian\/wp-content\/uploads\/sites\/2\/2026\/04\/WhatsApp-Image-2026-04-28-at-16.14.20-2.jpeg\"><img src=\"https:\/\/www.cssr.news\/italian\/wp-content\/uploads\/sites\/2\/2026\/04\/WhatsApp-Image-2026-04-28-at-16.14.20-2-1024x682.jpeg\" alt=\"\" data-id=\"33453\" data-full-url=\"https:\/\/www.cssr.news\/italian\/wp-content\/uploads\/sites\/2\/2026\/04\/WhatsApp-Image-2026-04-28-at-16.14.20-2.jpeg\" data-link=\"https:\/\/www.cssr.news\/italian\/2026\/04\/laddio-a-padre-antonio-marrazzo-cssr-una-vita-donata-alla-missione\/whatsapp-image-2026-04-28-at-16-14-20-2\/\" class=\"wp-image-33453\"\/><\/a><\/figure><\/li><li class=\"blocks-gallery-item\"><figure><a href=\"https:\/\/www.cssr.news\/italian\/wp-content\/uploads\/sites\/2\/2026\/04\/WhatsApp-Image-2026-04-28-at-16.14.20.jpeg\"><img src=\"https:\/\/www.cssr.news\/italian\/wp-content\/uploads\/sites\/2\/2026\/04\/WhatsApp-Image-2026-04-28-at-16.14.20-1024x682.jpeg\" alt=\"\" data-id=\"33454\" data-full-url=\"https:\/\/www.cssr.news\/italian\/wp-content\/uploads\/sites\/2\/2026\/04\/WhatsApp-Image-2026-04-28-at-16.14.20.jpeg\" data-link=\"https:\/\/www.cssr.news\/italian\/2026\/04\/laddio-a-padre-antonio-marrazzo-cssr-una-vita-donata-alla-missione\/whatsapp-image-2026-04-28-at-16-14-20\/\" class=\"wp-image-33454\"\/><\/a><\/figure><\/li><\/ul><\/figure>\n\n\n\n<p>El momento m\u00e1s emotivo lleg\u00f3 al final de la homil\u00eda, cuando el Superior General baj\u00f3 del p\u00falpito y, micr\u00f3fono en mano, se acerc\u00f3 al ata\u00fad para dirigirse directamente a su hermano fallecido:<\/p>\n\n\n\n<p>\u00abQuerido Padre Antonio, fuiste un don que Dios, en su infinita bondad, concedi\u00f3 a la Congregaci\u00f3n y a nosotros, sus hermanos. Y hoy, en esta Eucarist\u00eda, te ofrecemos a Dios como un precioso don, con la serena certeza de que peleaste la buena batalla, terminaste la carrera y conservaste la fe. Ahora te est\u00e1 reservada la corona de justicia, que el Se\u00f1or te conceder\u00e1 (cf. 2 Tim 4,7-8). Tu vida, marcada por la fidelidad, el servicio generoso a la Iglesia y la cercan\u00eda al misterio de la santidad, permanece para nosotros como testimonio vivo de que vale la pena darlo todo por Cristo y por la misi\u00f3n\u00bb.<\/p>\n\n\n\n<p>Entre los concelebrantes se encontraban el Padre Gennaro Sorrentino CSsR, Superior Provincial del Sur de Europa, y varios hermanos de la provincia. Tambi\u00e9n estuvo presente el Padre Carlo Calloni, O.F.M. El Capit\u00e1n, decano de postuladores para causas, junto con sacerdotes, monjas, familiares y amigos que deseaban dar el \u00faltimo adi\u00f3s al Padre Marrazzo.<\/p>\n\n\n\n<p>Al finalizar la celebraci\u00f3n, los concelebrantes rodearon el f\u00e9retro para el rito de despedida, que incluy\u00f3 la aspersi\u00f3n, la incensaci\u00f3n y las oraciones finales. Seis hermanos alzaron el f\u00e9retro sobre sus hombros, acompa\u00f1\u00e1ndolo hacia la salida de la iglesia entre la congregaci\u00f3n. En el cementerio, tras un \u00faltimo gesto de cercan\u00eda, el f\u00e9retro fue entregado al coche f\u00fanebre.<\/p>\n\n\n\n<p>Por la tarde, se celebrar\u00e1 una misa final en la Bas\u00edlica de Sant&#8217;Alfonso Maria de Liguori en Pagani, tras la cual el cuerpo del Padre Antonio Marrazzo ser\u00e1 sepultado en la tumba de los Redentoristas en el cementerio de la ciudad.<\/p>\n\n\n\n<p>\u00a1Que descanse en la paz de Cristo Redentor, Padre Antonio!<\/p>\n\n\n\n<p>Transmisi\u00f3n en video de la celebraci\u00f3n en el santuario:<\/p>\n\n\n\n<figure class=\"wp-block-embed is-type-video is-provider-youtube wp-block-embed-youtube wp-embed-aspect-16-9 wp-has-aspect-ratio\"><div class=\"wp-block-embed__wrapper\">\n<iframe title=\"Messa funebre per il defunto p. Antonio Marrazzo CSsR\" width=\"696\" height=\"392\" src=\"https:\/\/www.youtube.com\/embed\/hHjChzxTj1k?start=111&#038;feature=oembed\" frameborder=\"0\" allow=\"accelerometer; autoplay; clipboard-write; encrypted-media; gyroscope; picture-in-picture; web-share\" referrerpolicy=\"strict-origin-when-cross-origin\" allowfullscreen><\/iframe>\n<\/div><\/figure>\n\n\n\n<hr class=\"wp-block-separator\"\/>\n\n\n\n<p>Homil\u00eda en el funeral del padre Antonio Marrazzo, C.Ss.R.<\/p>\n\n\n\n<figure class=\"wp-block-gallery columns-2 is-cropped\"><ul class=\"blocks-gallery-grid\"><li class=\"blocks-gallery-item\"><figure><a href=\"http:\/\/www.cssr.news\/italian\/wp-content\/uploads\/sites\/2\/2026\/04\/WhatsApp-Image-2026-04-28-at-16.14.20-5.jpeg\"><img src=\"http:\/\/www.cssr.news\/italian\/wp-content\/uploads\/sites\/2\/2026\/04\/WhatsApp-Image-2026-04-28-at-16.14.20-5-1024x682.jpeg\" alt=\"\" data-id=\"33451\" data-full-url=\"http:\/\/www.cssr.news\/italian\/wp-content\/uploads\/sites\/2\/2026\/04\/WhatsApp-Image-2026-04-28-at-16.14.20-5.jpeg\" data-link=\"https:\/\/www.cssr.news\/italian\/2026\/04\/laddio-a-padre-antonio-marrazzo-cssr-una-vita-donata-alla-missione\/whatsapp-image-2026-04-28-at-16-14-20-5\/\" class=\"wp-image-33451\"\/><\/a><\/figure><\/li><li class=\"blocks-gallery-item\"><figure><a href=\"http:\/\/www.cssr.news\/italian\/wp-content\/uploads\/sites\/2\/2026\/04\/WhatsApp-Image-2026-04-28-at-16.59.35.jpeg\"><img src=\"http:\/\/www.cssr.news\/italian\/wp-content\/uploads\/sites\/2\/2026\/04\/WhatsApp-Image-2026-04-28-at-16.59.35-1024x682.jpeg\" alt=\"\" data-id=\"33455\" data-full-url=\"http:\/\/www.cssr.news\/italian\/wp-content\/uploads\/sites\/2\/2026\/04\/WhatsApp-Image-2026-04-28-at-16.59.35.jpeg\" data-link=\"https:\/\/www.cssr.news\/italian\/2026\/04\/laddio-a-padre-antonio-marrazzo-cssr-una-vita-donata-alla-missione\/whatsapp-image-2026-04-28-at-16-59-35\/\" class=\"wp-image-33455\"\/><\/a><\/figure><\/li><\/ul><\/figure>\n\n\n\n<p>Queridos hermanos, monse\u00f1ores, religiosos y religiosas, sacerdotes, familiares y amigos del Padre Antonio:<\/p>\n\n\n\n<p>El libro de Qohelet nos recuerda que, en la vida, \u00abtodo tiene su tiempo [\u2026]. Hay tiempo de nacer y tiempo de morir\u00bb (Eclesiast\u00e9s 3:1-2). As\u00ed, para cada uno de nosotros, existe el d\u00eda de nuestra encarnaci\u00f3n y el d\u00eda en que celebramos nuestra Pascua definitiva. En este intervalo, nuestra vida se despliega, con sus procesos de aprendizaje, desarrollo y maduraci\u00f3n, con sus logros y frustraciones, alegr\u00edas y tristezas, sue\u00f1os cumplidos y otros que permanecen sin realizarse.<\/p>\n\n\n\n<p>Es nuestra historia, esta epopeya que Dios nos concede hasta el d\u00eda en que nos llama a regresar al lugar de donde venimos, el Reino de la vida eterna. \u00abDios nos ha dado la vida eterna, y esta vida est\u00e1 en su Hijo\u00bb (1 Juan 5:11). Esta certeza se confirma en el Evangelio de Juan, en las palabras de Jes\u00fas: \u00abEsta es la voluntad de mi Padre: que todo aquel que ve al Hijo y cree en \u00e9l tenga vida eterna, y yo lo resucitar\u00e9 en el d\u00eda postrero\u00bb (Jn 6,40).<\/p>\n\n\n\n<p>El poeta indio Tagore afirma: \u00abLa muerte no es el apagar la luz, sino el acto de extinguir la l\u00e1mpara porque el d\u00eda ya ha amanecido\u00bb. Y ese d\u00eda amaneci\u00f3 para el Padre Antonio Marrazzo el 26 de abril, cuando parti\u00f3 hacia la casa del Padre para encontrarse con su Redentor para siempre. Fui testigo de ese momento. A pesar del dolor de perder a un ser querido, fue tambi\u00e9n una profunda experiencia de Dios. Creo que \u00c9l nos deja se\u00f1ales que, quiz\u00e1s, como a los disc\u00edpulos de Ema\u00fas (cf. Lc 24,13-35), no comprendemos del todo en el momento, pero que luego se aclaran. Estas se\u00f1ales nos consuelan cuando encomendamos a Dios a nuestros seres queridos. <\/p>\n\n\n\n<p>El d\u00eda del Padre Marrazzo comenz\u00f3 con la unci\u00f3n de los enfermos y la comuni\u00f3n, y parti\u00f3 a las 3:00 p. m., la hora en que Jes\u00fas entrega su esp\u00edritu al Padre, durante el tiempo pascual, el Domingo del Buen Pastor, d\u00eda en que celebramos el Primer Encuentro Internacional de los Hermanos, en conmemoraci\u00f3n del 300 aniversario del nacimiento de San Gerardo, el santo que vivi\u00f3 plenamente la voluntad de Dios. Este d\u00eda tambi\u00e9n se conmemoraba el 160 aniversario de la veneraci\u00f3n p\u00fablica del icono confiado a los Redentoristas por el Papa P\u00edo IX, el 26 de abril de 1866. El Padre Marrazzo coordin\u00f3, organiz\u00f3 y document\u00f3 la restauraci\u00f3n del icono original de la Madre del Perpetuo Socorro.<\/p>\n\n\n\n<p>Durante su tr\u00e1nsito al Padre, me dijo tres veces: \u00abQue Dios haga su voluntad\u00bb. Se despidi\u00f3 con un triple \u00abciao, ciao\u00bb y nos agradeci\u00f3 todo lo que hab\u00edamos hecho por \u00e9l. Por mi parte, le agradec\u00ed su servicio a la Congregaci\u00f3n y le dije: \u00abEstoy contigo\u00bb. Despu\u00e9s de unos minutos, se persign\u00f3 y rez\u00f3 dos Ave Mar\u00edas, acompa\u00f1\u00e1ndolo.<\/p>\n\n\n\n<p>En sus \u00faltimos momentos, al notar su mirada perdida, como si contemplara el horizonte, y su respiraci\u00f3n cada vez m\u00e1s superficial, le tom\u00e9 la mano y comenc\u00e9 a rezar el Ave Mar\u00eda con \u00e9l. En cierto momento, le dije: \u00abMarrazzo, vete con Dios, vete en paz, y que los \u00e1ngeles y los santos te acompa\u00f1en\u00bb. Un profundo silencio se apoder\u00f3 del lugar. Le persign\u00e9 la frente, y entonces se cumpli\u00f3 la voluntad de Dios.<\/p>\n\n\n\n<p>Puedo afirmar que muri\u00f3 en paz, reconciliado, en la habitaci\u00f3n donde vivi\u00f3 casi cuarenta a\u00f1os, con sencillez, como un Redentorista, junto a su familia religiosa, conmigo, que estaba a su lado, y otros cuatro hermanos, el Hermano Diego y los Padres. Marek, Sanjay y Kukla estaban en su oficina, acompa\u00f1ando en silencio esta transici\u00f3n. Una vez me dijo: \u00abUstedes son mi familia\u00bb. En una de nuestras conversaciones, me confi\u00f3 que no quer\u00eda morir en un hospital.<\/p>\n\n\n\n<p>Quiero agradecer a los hermanos que estuvieron a su lado durante su enfermedad, llev\u00e1ndole comida y la Eucarist\u00eda, cuid\u00e1ndolo e incluso ocup\u00e1ndose de la farmacia y su funeral: el obispo Amarante, los padres Donato, Gianni, Agust\u00edn, Sanjay, el hermano Diego, Vicente Soria, Pupo, sus colaboradores Andrea y El\u00edas, el cocinero Francesco y su equipo que prepararon sus comidas, y a todos los que lo visitaron y oraron por \u00e9l. Un agradecimiento especial al Dr. Bottini, su amigo y Oblato Redentorista, quien pas\u00f3 incontables horas a su lado, brind\u00e1ndole alivio con medicamentos y tambi\u00e9n con su amistad. Gracias a todos aquellos que, con un sentimiento de familia y esp\u00edritu de fraternidad, contribuyeron a su bienestar.<\/p>\n\n\n\n<p>He recibido numerosos mensajes de condolencia del Vaticano, en particular del Dicasterio para las Causas de los Santos, de muchos obispos, de otras Congregaciones, del Concilio General y de mis hermanos.<\/p>\n\n\n\n<p>El padre Marrazzo fue misionero redentorista. Entre los muchos servicios que desempe\u00f1\u00f3, recibi\u00f3 una misi\u00f3n muy especial: la de Postulador General. En esta misi\u00f3n, sirvi\u00f3 a la Iglesia y a la Congregaci\u00f3n con dedicaci\u00f3n y competencia. Podemos creer quelos santos y beatos cuyas causas apoy\u00f3 acudieran a recibirlo: San Pablo VI, San Bartolo Longo, los beatos redentoristas Gennaro Maria Sarnelli, Francesco Saverio Seelos, Domenico Tr\u010dka, Pietro Donders, la beata Mar\u00eda Celeste Crostarosa, la beata Mar\u00eda della Concezione (Conchita) Barrecheguren, los m\u00e1rtires redentoristas de Ucrania, Madrid y Cuenca, entre muchos otros. Sin duda, conocerlos habr\u00eda revelado algo de su profundo sentido del humor. Desde luego, contaba alg\u00fan chiste\u2026<\/p>\n\n\n\n<p>Durante estos cuarenta a\u00f1os, el padre Marrazzo, m\u00e1s que nadie, con su discreci\u00f3n y respeto, ha mantenido un contacto directo y continuo con hombres y mujeres que han vivido profundamente su humanidad y una intensa intimidad con Dios. Son vidas transformadas por la gracia, caminos de bienaventuranza y santidad, manifestados en la concreci\u00f3n de la vida cotidiana.<\/p>\n\n\n\n<p>En el desempe\u00f1o de su servicio, no se limit\u00f3 a estudiar procesos ni a seguir casos, sino que se acerc\u00f3 a historias marcadas por la fidelidad, la entrega y un amor radical por el Evangelio. En cierto sentido, toc\u00f3 la vida de aquellos que permitieron que Dios los transformara, convirti\u00e9ndose en signos vivos de la presencia del Redentor en el mundo.<\/p>\n\n\n\n<p>En particular, tuvo la gracia de conocer a hermanos que encarnaban aut\u00e9nticamente el carisma redentorista, vivi\u00e9ndolo con sencillez, celo apost\u00f3lico y cercan\u00eda a los m\u00e1s abandonados. As\u00ed, a lo largo de estos a\u00f1os, no solo fue un servidor de las causas de los santos, sino tambi\u00e9n un hombre que, al contemplar tantas vidas transfiguradas por la gracia, se dej\u00f3 interpelar y enriquecer por ellas, convirti\u00e9ndose \u00e9l mismo en testigo de que la santidad es posible y concreta en la historia. \u00a1Conoci\u00f3 y experiment\u00f3 la santidad redentorista!<\/p>\n\n\n\n<p>Quisiera agradecer de manera especial al Padre Provincial, Gennaro Sorrentino, de la antigua Provincia de N\u00e1poles, ahora Provincia del Sur de Europa, por ofrecer al Padre Marrazzo este importante servicio a la Congregaci\u00f3n. Esta colaboraci\u00f3n continuar\u00e1.<\/p>\n\n\n\n<p>Querido Padre Antonio, usted fue un don que Dios, en su infinita bondad, concedi\u00f3 a la Congregaci\u00f3n y a nosotros, sus hermanos. Y hoy, en esta Eucarist\u00eda, lo ofrecemos a Dios como un precioso don, con la serena certeza de que ha librado la buena batalla, ha terminado la carrera y ha conservado la fe. Ahora le est\u00e1 reservada la corona de justicia, que el Se\u00f1or le conceder\u00e1 (cf. 2 Tim 4,7-8). Su vida, marcada por la fidelidad, el servicio generoso a la Iglesia y la cercan\u00eda al misterio de la santidad, permanece para nosotros como testimonio vivo de que vale la pena darlo todo por Cristo y por la misi\u00f3n.<\/p>\n\n\n\n<p>Querido Padre Marrazzo, que descanses en paz, en la comuni\u00f3n de los santos, junto a los bienaventurados, los m\u00e1rtires redentoristas y todos los hermanos que nos precedieron, e intercede por la Congregaci\u00f3n, tu familia, a la que tanto amaste. Y, con la alegr\u00eda que siempre te caracteriz\u00f3, sigue contando tus chistes all\u00e1 en el Cielo.<\/p>\n\n\n\n<p>Restauraste el icono de la Madre del Perpetuo Socorro con dedicaci\u00f3n y profunda paciencia. En la misteriosa providencia de Dios, fuiste llamado al encuentro definitivo con su Hijo Redentor el mismo d\u00eda en que celebr\u00e1bamos el 160 aniversario de la veneraci\u00f3n p\u00fablica de este icono confiado a nuestra Congregaci\u00f3n. Lo que contemplaste en la belleza del arte iconogr\u00e1fico, ahora lo contemplas en la plenitud de la realidad: la misma Madre del Amor Hermoso, Madre de la Misericordia, Abogada y Refugio de los pecadores, Dulc\u00edsima Esperanza, Divina Pastora, Perpetuo Socorro. Y Ella, a quien tantas veces has se\u00f1alado como el camino, ahora te gu\u00eda y restaura en ti toda la belleza de la humanidad redimida, para que puedas contemplar cara a cara la Belleza Suprema, Cristo Redentor. Am\u00e9n.<\/p>\n\n\n\n<p>P. Rog\u00e9rio Gomes, CSsR<br>Superior General<\/p>\n\n\n\n<p>Roma, Iglesia de San Alfonso y del Perpetuo Socorro, 28 de abril de 2026.<\/p>\n","protected":false},"excerpt":{"rendered":"<p>La comunidad redentorista de Roma despidi\u00f3 a su hermano fallecido. Roma, 28 de abril de 2026 Esta ma\u00f1ana, a las 10:00 a. m., se celebr\u00f3 el funeral del Padre Antonio Marrazzo, CSsR, en el Santuario de Nuestra Se\u00f1ora del Perpetuo Socorro en Roma. Falleci\u00f3 el domingo 26 de abril. La misa de funeral fue presidida [&hellip;]<\/p>\n","protected":false},"author":3,"featured_media":31025,"comment_status":"closed","ping_status":"closed","sticky":false,"template":"","format":"standard","meta":[],"categories":[15],"tags":[],"_links":{"self":[{"href":"https:\/\/www.cssr.news\/spanish\/wp-json\/wp\/v2\/posts\/31023"}],"collection":[{"href":"https:\/\/www.cssr.news\/spanish\/wp-json\/wp\/v2\/posts"}],"about":[{"href":"https:\/\/www.cssr.news\/spanish\/wp-json\/wp\/v2\/types\/post"}],"author":[{"embeddable":true,"href":"https:\/\/www.cssr.news\/spanish\/wp-json\/wp\/v2\/users\/3"}],"replies":[{"embeddable":true,"href":"https:\/\/www.cssr.news\/spanish\/wp-json\/wp\/v2\/comments?post=31023"}],"version-history":[{"count":5,"href":"https:\/\/www.cssr.news\/spanish\/wp-json\/wp\/v2\/posts\/31023\/revisions"}],"predecessor-version":[{"id":31073,"href":"https:\/\/www.cssr.news\/spanish\/wp-json\/wp\/v2\/posts\/31023\/revisions\/31073"}],"wp:featuredmedia":[{"embeddable":true,"href":"https:\/\/www.cssr.news\/spanish\/wp-json\/wp\/v2\/media\/31025"}],"wp:attachment":[{"href":"https:\/\/www.cssr.news\/spanish\/wp-json\/wp\/v2\/media?parent=31023"}],"wp:term":[{"taxonomy":"category","embeddable":true,"href":"https:\/\/www.cssr.news\/spanish\/wp-json\/wp\/v2\/categories?post=31023"},{"taxonomy":"post_tag","embeddable":true,"href":"https:\/\/www.cssr.news\/spanish\/wp-json\/wp\/v2\/tags?post=31023"}],"curies":[{"name":"wp","href":"https:\/\/api.w.org\/{rel}","templated":true}]}}