{"id":31031,"date":"2026-04-29T09:02:22","date_gmt":"2026-04-29T07:02:22","guid":{"rendered":"https:\/\/www.cssr.news\/spanish\/?p=31031"},"modified":"2026-04-29T09:39:46","modified_gmt":"2026-04-29T07:39:46","slug":"brasil-concluye-en-curvelo-el-300-aniversario-del-jubileo-de-san-geraldo","status":"publish","type":"post","link":"https:\/\/www.cssr.news\/spanish\/2026\/04\/brasil-concluye-en-curvelo-el-300-aniversario-del-jubileo-de-san-geraldo\/","title":{"rendered":"Brasil: Concluye en Curvelo el 300 aniversario del Jubileo de San Gerardo"},"content":{"rendered":"\n<p>En Brasil, la provincia de Nuestra Se\u00f1ora de la Provincia de Aparecida celebr\u00f3 el A\u00f1o Jubilar de San Gerardo del 26 de abril de 2025 al 26 de abril de 2026, en conmemoraci\u00f3n del 300 aniversario del nacimiento del santo hermano redentorista. Las celebraciones, que duraron 365 d\u00edas, comenzaron en el Santuario Arquidiocesano de San Gerardo en Sorocaba (SP) y concluyeron en el Santuario de San Gerardo en Curvelo (MG).<\/p>\n\n\n\n<p>Tras tres d\u00edas de festejos, del 23 al 25 de abril, las celebraciones del Jubileo concluyeron solemnemente el domingo 26 de abril, reuniendo a los fieles de Curvelo y a devotos de diversas regiones de Minas Gerais y de todo Brasil. El programa incluy\u00f3 una impresionante procesi\u00f3n que parti\u00f3 de la Iglesia Parroquial de Santo Ant\u00f4nio y se dirigi\u00f3 al Santuario, acompa\u00f1ada por misioneros redentoristas y fieles.<\/p>\n\n\n\n<p>En un gesto simb\u00f3lico, los hermanos redentoristas portaron la imagen del santo, recordando la vida sencilla y devota de Geraldo. El hermano Geraldo Pereira Neves, C.Ss.R., tambi\u00e9n port\u00f3 una reliquia del santo.<\/p>\n\n\n\n<p>La solemne misa fue presidida por Monse\u00f1or Darci Jos\u00e9 Nicioli, C.Ss.R., Arzobispo Metropolitano de Diamantina, y concelebrada por varios misioneros redentoristas, entre ellos el P. Francesco Stanula (Vicario General de la Congregaci\u00f3n Redentorista), el P. Marlos Aur\u00e9lio da Silva (Superior Provincial de la Provincia de Nuestra Se\u00f1ora de Aparecida), el P. Edilei Rosa Silva (Superior Provincial de la Provincia de Curitiba), el P. Eduardo Catalfo (Rector del Santuario de Nuestra Se\u00f1ora de Aparecida), el P. Luiz Cl\u00e1udio de Macedo (Rector del Santuario de San Geraldo en Sorocaba) y el P. Vin\u00edcius Ponciano (Rector del Santuario de S\u00e3o Geraldo en Curvelo), as\u00ed como otros miembros de la congregaci\u00f3n, asistieron tambi\u00e9n religiosos de las tres provincias brasile\u00f1as de Brasilia, Curitiba y Nuestra Se\u00f1ora de Aparecida, seminaristas, miembros de Uneser, autoridades municipales y numerosos fieles.<\/p>\n\n\n\n<figure class=\"wp-block-gallery columns-3 is-cropped\"><ul class=\"blocks-gallery-grid\"><li class=\"blocks-gallery-item\"><figure><a href=\"http:\/\/www.cssr.news\/italian\/wp-content\/uploads\/sites\/2\/2026\/04\/sn2026_brasile_curvelo02.jpg\"><img src=\"http:\/\/www.cssr.news\/italian\/wp-content\/uploads\/sites\/2\/2026\/04\/sn2026_brasile_curvelo02-1024x649.jpg\" alt=\"\" data-id=\"33461\" data-full-url=\"http:\/\/www.cssr.news\/italian\/wp-content\/uploads\/sites\/2\/2026\/04\/sn2026_brasile_curvelo02.jpg\" data-link=\"https:\/\/www.cssr.news\/italian\/?attachment_id=33461\" class=\"wp-image-33461\"\/><\/a><\/figure><\/li><li class=\"blocks-gallery-item\"><figure><a href=\"http:\/\/www.cssr.news\/italian\/wp-content\/uploads\/sites\/2\/2026\/04\/sn2026_brasile_curvelo03.jpg\"><img src=\"http:\/\/www.cssr.news\/italian\/wp-content\/uploads\/sites\/2\/2026\/04\/sn2026_brasile_curvelo03-1024x675.jpg\" alt=\"\" data-id=\"33460\" data-full-url=\"http:\/\/www.cssr.news\/italian\/wp-content\/uploads\/sites\/2\/2026\/04\/sn2026_brasile_curvelo03.jpg\" data-link=\"https:\/\/www.cssr.news\/italian\/?attachment_id=33460\" class=\"wp-image-33460\"\/><\/a><\/figure><\/li><li class=\"blocks-gallery-item\"><figure><a href=\"http:\/\/www.cssr.news\/italian\/wp-content\/uploads\/sites\/2\/2026\/04\/sn2026_brasile_curvelo04.jpg\"><img src=\"http:\/\/www.cssr.news\/italian\/wp-content\/uploads\/sites\/2\/2026\/04\/sn2026_brasile_curvelo04-1024x717.jpg\" alt=\"\" data-id=\"33459\" data-full-url=\"http:\/\/www.cssr.news\/italian\/wp-content\/uploads\/sites\/2\/2026\/04\/sn2026_brasile_curvelo04.jpg\" data-link=\"https:\/\/www.cssr.news\/italian\/?attachment_id=33459\" class=\"wp-image-33459\"\/><\/a><\/figure><\/li><\/ul><\/figure>\n\n\n\n<p>Durante su homil\u00eda, el padre Marlos Aur\u00e9lio da Silva destac\u00f3 la intensidad de la vida de San Gerardo:<\/p>\n\n\n\n<p>\u00abLa vida de San Gerardo fue breve, veintinueve a\u00f1os y medio, pero la vivi\u00f3 con gran intensidad, gran fe y gran generosidad. Por eso decimos que este era un A\u00f1o Jubilar. Estamos aqu\u00ed al final de este camino. Un Jubileo porque nuestras almas se llenan de alegr\u00eda, de felicidad al reconocer la acci\u00f3n de Dios en la vida de este Hermano, sencillo pero con un alma magnificada por Dios\u00bb.<\/p>\n\n\n\n<p>La vida de San Gerardo no solo debe ser admirada, sino imitada en la vida cotidiana, en gestos sencillos y decisiones diarias. As\u00ed, la conclusi\u00f3n del Jubileo del 300 aniversario del nacimiento de Gerardo se convierte tambi\u00e9n en un nuevo comienzo: una invitaci\u00f3n a vivir una fe m\u00e1s encarnada, que se traduce en amor, servicio y una b\u00fasqueda constante de la santidad. \u00a1Que el ejemplo de San Gerardo perdure no solo en la devoci\u00f3n, sino en la vida de cada uno de nosotros!<\/p>\n\n\n\n<p>(fuente: a12.com)<\/p>\n","protected":false},"excerpt":{"rendered":"<p>En Brasil, la provincia de Nuestra Se\u00f1ora de la Provincia de Aparecida celebr\u00f3 el A\u00f1o Jubilar de San Gerardo del 26 de abril de 2025 al 26 de abril de 2026, en conmemoraci\u00f3n del 300 aniversario del nacimiento del santo hermano redentorista. Las celebraciones, que duraron 365 d\u00edas, comenzaron en el Santuario Arquidiocesano de San [&hellip;]<\/p>\n","protected":false},"author":3,"featured_media":31032,"comment_status":"closed","ping_status":"closed","sticky":false,"template":"","format":"standard","meta":[],"categories":[45],"tags":[],"_links":{"self":[{"href":"https:\/\/www.cssr.news\/spanish\/wp-json\/wp\/v2\/posts\/31031"}],"collection":[{"href":"https:\/\/www.cssr.news\/spanish\/wp-json\/wp\/v2\/posts"}],"about":[{"href":"https:\/\/www.cssr.news\/spanish\/wp-json\/wp\/v2\/types\/post"}],"author":[{"embeddable":true,"href":"https:\/\/www.cssr.news\/spanish\/wp-json\/wp\/v2\/users\/3"}],"replies":[{"embeddable":true,"href":"https:\/\/www.cssr.news\/spanish\/wp-json\/wp\/v2\/comments?post=31031"}],"version-history":[{"count":3,"href":"https:\/\/www.cssr.news\/spanish\/wp-json\/wp\/v2\/posts\/31031\/revisions"}],"predecessor-version":[{"id":31040,"href":"https:\/\/www.cssr.news\/spanish\/wp-json\/wp\/v2\/posts\/31031\/revisions\/31040"}],"wp:featuredmedia":[{"embeddable":true,"href":"https:\/\/www.cssr.news\/spanish\/wp-json\/wp\/v2\/media\/31032"}],"wp:attachment":[{"href":"https:\/\/www.cssr.news\/spanish\/wp-json\/wp\/v2\/media?parent=31031"}],"wp:term":[{"taxonomy":"category","embeddable":true,"href":"https:\/\/www.cssr.news\/spanish\/wp-json\/wp\/v2\/categories?post=31031"},{"taxonomy":"post_tag","embeddable":true,"href":"https:\/\/www.cssr.news\/spanish\/wp-json\/wp\/v2\/tags?post=31031"}],"curies":[{"name":"wp","href":"https:\/\/api.w.org\/{rel}","templated":true}]}}