{"id":31196,"date":"2026-05-09T10:09:00","date_gmt":"2026-05-09T08:09:00","guid":{"rendered":"https:\/\/www.cssr.news\/spanish\/?p=31196"},"modified":"2026-05-08T10:19:16","modified_gmt":"2026-05-08T08:19:16","slug":"estados-unidos-bienvenida-sra-toni-dunning-nueva-misionera-laica-del-santisimo-redentor","status":"publish","type":"post","link":"https:\/\/www.cssr.news\/spanish\/2026\/05\/estados-unidos-bienvenida-sra-toni-dunning-nueva-misionera-laica-del-santisimo-redentor\/","title":{"rendered":"Estados Unidos: Bienvenida Sra. Toni Dunning, nueva Misionera Laica del Sant\u00edsimo Redentor"},"content":{"rendered":"\n<p>Los Redentoristas de la Provincia de Denver felicitan a la Sra. Toni Dunning, quien hizo su compromiso como Misionera Laica del Sant\u00edsimo Redentor(MLSR) el 28 de abril durante la reuni\u00f3n del \u00faltimo Cap\u00edtulo Provincial de Denver. Le pedimos que se presentara y compartiera un poco sobre su experiencia con los Redentoristas, qu\u00e9 la impuls\u00f3 a comprometerse como MLSR y sus reflexiones sobre el futuro.<\/p>\n\n\n\n<p>Mi esposo Dave y yo nos mudamos a Cleveland Ave. en el casco antiguo de Chicago en 2004. El primer domingo, echamos a suertes a qu\u00e9 iglesia asistir: Inmaculada Concepci\u00f3n, San Jos\u00e9 (que en ese entonces no era una parroquia conjunta) o San Miguel. No ten\u00eda ni idea de que San Miguel estaba atendido por los Redentoristas. Al salir de la misa, Dave le pregunt\u00f3 al Hno. Patrick Concidine: &#8220;\u00bfEs esta una iglesia cat\u00f3lica?&#8221;. Fue una experiencia \u00fanica: la amabilidad del lugar, los celebrantes, el P. John Schmidt y el P. Ed Wilhelm, estaban afuera conversando y saludando a todos. \u00a1Qu\u00e9 concepto tan novedoso para nosotros!<\/p>\n\n\n\n<p>Inmediatamente comenc\u00e9 a trabajar como voluntaria en la parroquia, y al cabo de un a\u00f1o ya trabajaba a tiempo parcial para la Directora de Educaci\u00f3n Religiosa. Tres a\u00f1os despu\u00e9s, el P. Richard Thibodeau me contrat\u00f3 a tiempo completo en la oficina parroquial. Disfrut\u00e9 tanto del trabajo que permanec\u00ed all\u00ed hasta noviembre de 2020, y segu\u00ed organizando bodas hasta diciembre de 2025, cuando me incorpor\u00e9 al personal de la Oficina Provincial.<\/p>\n\n\n\n<p>Durante un retiro en Tucson en 2013 conoc\u00ed al P. Greg May, quien fue fundamental para que me involucrara en Partners in Mission. Comenc\u00e9 escuchando sus presentaciones sobre espiritualidad en YouTube, y despu\u00e9s de ocho sesiones hab\u00edamos trabajado en la espiritualidad y el carisma de los Redentoristas, la trayectoria de San Alfonso en la formaci\u00f3n de la Congregaci\u00f3n, los cuatro pilares y mucho m\u00e1s. Me enganch\u00e9 y comenc\u00e9 un per\u00edodo de seis meses de reuniones mensuales del C\u00edrculo, lo que me llev\u00f3 a comprometerme como Asociado Redentorista (AR) en enero de 2019.<\/p>\n\n\n\n<p>Ese a\u00f1o comenc\u00e9 a dirigir el Taller de Espiritualidad, centr\u00e1ndome en las ocho presentaciones del P. Greg. Incluso durante la pandemia de COVID-19, el taller se realiz\u00f3 por Zoom para que m\u00e1s personas de todo el pa\u00eds pudieran participar. Nuestro grupo del C\u00edrculo de Chicago creci\u00f3 hasta incluir miembros de Canad\u00e1 y Estados Unidos, y se formaron grupos del C\u00edrculo en Tucson, San Luis y Baton Rouge. \u00a1La familia Redentorista sigue creciendo!<\/p>\n\n\n\n<p>Como AR, disfrutaba de mis reuniones del C\u00edrculo y del ministerio al que me sent\u00eda llamado a participar en nuestra comunidad. Pero mis pensamientos volv\u00edan una y otra vez a las palabras del P. Thibodeau: \u00abConoce a tu mejor amigo\u00bb. Comenc\u00e9 una vida de oraci\u00f3n m\u00e1s intencional, una reflexi\u00f3n m\u00e1s profunda sobre mi camino de fe y espiritualidad. Sab\u00eda que mis ra\u00edces espirituales estaban con los Redentoristas, al igual que mi deseo de apoyar su misi\u00f3n. El mensaje de la Redenci\u00f3n Abundante, el inmenso amor de Dios por todos nosotros, reson\u00f3 en mi alma y me dio direcci\u00f3n.<\/p>\n\n\n\n<p>Me invitaron a unirme al Grupo de Trabajo para los Socios en las Misiones de la Provincia de Denver, y cuando surgi\u00f3 una vacante, solicit\u00e9 ser miembro de la Conferencia Norteamericana para la Colaboraci\u00f3n en la Misi\u00f3n. Al comienzo del cuatrienio, fui nombrado miembro de la Comisi\u00f3n de la Provincia de Denver y representante ante la Conferencia.<\/p>\n\n\n\n<p>A medida que continuaba mi lectura espiritual y crec\u00eda mi conocimiento de la estructura y el funcionamiento de la Congregaci\u00f3n, tambi\u00e9n crec\u00eda mi deseo de aprender m\u00e1s y participar en la Provincia. Present\u00e9 mi candidatura y solicit\u00e9 comenzar la formaci\u00f3n para convertirme en Misionero Laico del Sant\u00edsimo Redentor (MLSR) y fui aceptado por el Superior Provincial Kevin Zubel en 2024.<\/p>\n\n\n\n<p>Mi director espiritual, el P. Jim White, me ha acompa\u00f1ado en este camino, respondiendo a mis preguntas, ayud\u00e1ndome a superar los obst\u00e1culos y brind\u00e1ndome apoyo en cada etapa. Muchos redentoristas me han acompa\u00f1ado en este recorrido. El ejemplo de sus vidas me inspir\u00f3. Orar junto a los Redentoristas es una gran bendici\u00f3n para m\u00ed.<\/p>\n\n\n\n<p>Como MLSR, mi trabajo con los Redentoristas en la Oficina Provincial satisface mi deseo de apoyar la misi\u00f3n. La unificaci\u00f3n de las provincias de Baltimore, Denver y M\u00e9xico implica cambios; nuevas oportunidades, nuevas ideas. Habr\u00e1 una fusi\u00f3n de los colaboradores en la misi\u00f3n, los procesos, la participaci\u00f3n de los laicos y los procedimientos. Es probable que surjan dificultades iniciales, pero si recordamos que la raz\u00f3n de nuestra participaci\u00f3n es la misi\u00f3n de San Alfonso y el mensaje de difundir la Buena Nueva, creo firmemente que tendremos \u00e9xito. Solo tropezamos cuando olvidamos por qu\u00e9 hacemos esto. Cuando caminamos con el Redentor como gu\u00eda, \u00c9l nos conducir\u00e1 por el camino correcto.<\/p>\n\n\n\n<p>Toni Dunning<\/p>\n","protected":false},"excerpt":{"rendered":"<p>Los Redentoristas de la Provincia de Denver felicitan a la Sra. Toni Dunning, quien hizo su compromiso como Misionera Laica del Sant\u00edsimo Redentor(MLSR) el 28 de abril durante la reuni\u00f3n del \u00faltimo Cap\u00edtulo Provincial de Denver. Le pedimos que se presentara y compartiera un poco sobre su experiencia con los Redentoristas, qu\u00e9 la impuls\u00f3 a [&hellip;]<\/p>\n","protected":false},"author":3,"featured_media":31197,"comment_status":"closed","ping_status":"closed","sticky":false,"template":"","format":"standard","meta":[],"categories":[32],"tags":[],"_links":{"self":[{"href":"https:\/\/www.cssr.news\/spanish\/wp-json\/wp\/v2\/posts\/31196"}],"collection":[{"href":"https:\/\/www.cssr.news\/spanish\/wp-json\/wp\/v2\/posts"}],"about":[{"href":"https:\/\/www.cssr.news\/spanish\/wp-json\/wp\/v2\/types\/post"}],"author":[{"embeddable":true,"href":"https:\/\/www.cssr.news\/spanish\/wp-json\/wp\/v2\/users\/3"}],"replies":[{"embeddable":true,"href":"https:\/\/www.cssr.news\/spanish\/wp-json\/wp\/v2\/comments?post=31196"}],"version-history":[{"count":2,"href":"https:\/\/www.cssr.news\/spanish\/wp-json\/wp\/v2\/posts\/31196\/revisions"}],"predecessor-version":[{"id":31200,"href":"https:\/\/www.cssr.news\/spanish\/wp-json\/wp\/v2\/posts\/31196\/revisions\/31200"}],"wp:featuredmedia":[{"embeddable":true,"href":"https:\/\/www.cssr.news\/spanish\/wp-json\/wp\/v2\/media\/31197"}],"wp:attachment":[{"href":"https:\/\/www.cssr.news\/spanish\/wp-json\/wp\/v2\/media?parent=31196"}],"wp:term":[{"taxonomy":"category","embeddable":true,"href":"https:\/\/www.cssr.news\/spanish\/wp-json\/wp\/v2\/categories?post=31196"},{"taxonomy":"post_tag","embeddable":true,"href":"https:\/\/www.cssr.news\/spanish\/wp-json\/wp\/v2\/tags?post=31196"}],"curies":[{"name":"wp","href":"https:\/\/api.w.org\/{rel}","templated":true}]}}