{"id":31217,"date":"2026-05-11T08:40:06","date_gmt":"2026-05-11T06:40:06","guid":{"rendered":"https:\/\/www.cssr.news\/spanish\/?p=31217"},"modified":"2026-05-11T08:40:08","modified_gmt":"2026-05-11T06:40:08","slug":"venezuela-los-misioneros-redentoristas-vuelven-a-merida","status":"publish","type":"post","link":"https:\/\/www.cssr.news\/spanish\/2026\/05\/venezuela-los-misioneros-redentoristas-vuelven-a-merida\/","title":{"rendered":"Venezuela: los Misioneros Redentoristas vuelven a M\u00e9rida"},"content":{"rendered":"\n<h3 class=\"has-text-align-center\"><strong>Un siglo de gracia y un anhelado retorno<\/strong><\/h3>\n\n\n\n<p>La historia de la redenci\u00f3n es un continuo tejer de idas, esperas y retornos providenciales. <strong>El pasado 6 de mayo de 2026, los Misioneros Redentoristas retomaron oficialmente su presencia y labor pastoral en la ciudad de M\u00e9rida, Venezuela<\/strong>, marcando el renacer de un v\u00ednculo hist\u00f3rico que ha moldeado profundamente la fe de esta regi\u00f3n andina.<\/p>\n\n\n\n<p>Para comprender la magnitud de este retorno, es necesario abrir las cr\u00f3nicas de nuestra historia como redentoristas. La huella de la Congregaci\u00f3n del Sant\u00edsimo Redentor en tierras meride\u00f1as comenz\u00f3 a trazarse el 16 de octubre de 1926, fecha en la que llegaron los primeros misioneros a esta comunidad. Fieles a su carisma fundacional, se establecieron como una comunidad eminentemente misionera, dedic\u00e1ndose con celo apost\u00f3lico a predicar misiones populares no solo en la Arquidi\u00f3cesis de M\u00e9rida, sino extendiendo su labor evangelizadora a los territorios de los estados de T\u00e1chira, Trujillo y Barinas. Como un testimonio vivo de aquel anuncio del Evangelio, dejando como signo misionero una cruz en cada pueblo visitado; santas insignias que, a\u00fan hoy, se conservan en m\u00faltiples rincones de la geograf\u00eda andina, recordando el paso de la abundante redenci\u00f3n.<\/p>\n\n\n\n<p>Su labor no se limit\u00f3 a la misi\u00f3n itinerante. El tes\u00f3n de aquellos primeros padres se materializ\u00f3 en la custodia y embellecimiento de la<strong> Iglesia La Tercera, Santuario de Nuestra Se\u00f1ora del Perpetuo Socorro<\/strong>. Este templo, que desde sus or\u00edgenes en 1591 hab\u00eda sido testigo de importantes acontecimientos hist\u00f3ricos y sede de la orden franciscana, vio su reconstrucci\u00f3n finalizada gracias al esfuerzo de los Padres Redentoristas, quienes lo erigieron como el emblem\u00e1tico Santuario Mariano que conocemos en la actualidad.<\/p>\n\n\n\n<figure class=\"wp-block-gallery columns-3 is-cropped\"><ul class=\"blocks-gallery-grid\"><li class=\"blocks-gallery-item\"><figure><a href=\"http:\/\/www.cssr.news\/spanish\/wp-content\/uploads\/sites\/3\/2026\/05\/sn2026_mayo_merida06.jpeg\"><img width=\"768\" height=\"1024\" src=\"http:\/\/www.cssr.news\/spanish\/wp-content\/uploads\/sites\/3\/2026\/05\/sn2026_mayo_merida06-768x1024.jpeg\" alt=\"\" data-id=\"31224\" data-full-url=\"http:\/\/www.cssr.news\/spanish\/wp-content\/uploads\/sites\/3\/2026\/05\/sn2026_mayo_merida06.jpeg\" data-link=\"https:\/\/www.cssr.news\/spanish\/?attachment_id=31224\" class=\"wp-image-31224\" srcset=\"https:\/\/www.cssr.news\/spanish\/wp-content\/uploads\/sites\/3\/2026\/05\/sn2026_mayo_merida06-768x1024.jpeg 768w, https:\/\/www.cssr.news\/spanish\/wp-content\/uploads\/sites\/3\/2026\/05\/sn2026_mayo_merida06-225x300.jpeg 225w, https:\/\/www.cssr.news\/spanish\/wp-content\/uploads\/sites\/3\/2026\/05\/sn2026_mayo_merida06-696x928.jpeg 696w, https:\/\/www.cssr.news\/spanish\/wp-content\/uploads\/sites\/3\/2026\/05\/sn2026_mayo_merida06-315x420.jpeg 315w, https:\/\/www.cssr.news\/spanish\/wp-content\/uploads\/sites\/3\/2026\/05\/sn2026_mayo_merida06.jpeg 960w\" sizes=\"(max-width: 768px) 100vw, 768px\" \/><\/a><\/figure><\/li><li class=\"blocks-gallery-item\"><figure><a href=\"http:\/\/www.cssr.news\/spanish\/wp-content\/uploads\/sites\/3\/2026\/05\/sn2026_mayo_merida05.jpeg\"><img width=\"940\" height=\"1024\" src=\"http:\/\/www.cssr.news\/spanish\/wp-content\/uploads\/sites\/3\/2026\/05\/sn2026_mayo_merida05-940x1024.jpeg\" alt=\"\" data-id=\"31223\" data-full-url=\"http:\/\/www.cssr.news\/spanish\/wp-content\/uploads\/sites\/3\/2026\/05\/sn2026_mayo_merida05.jpeg\" data-link=\"https:\/\/www.cssr.news\/spanish\/?attachment_id=31223\" class=\"wp-image-31223\" srcset=\"https:\/\/www.cssr.news\/spanish\/wp-content\/uploads\/sites\/3\/2026\/05\/sn2026_mayo_merida05-940x1024.jpeg 940w, https:\/\/www.cssr.news\/spanish\/wp-content\/uploads\/sites\/3\/2026\/05\/sn2026_mayo_merida05-275x300.jpeg 275w, https:\/\/www.cssr.news\/spanish\/wp-content\/uploads\/sites\/3\/2026\/05\/sn2026_mayo_merida05-768x837.jpeg 768w, https:\/\/www.cssr.news\/spanish\/wp-content\/uploads\/sites\/3\/2026\/05\/sn2026_mayo_merida05-696x759.jpeg 696w, https:\/\/www.cssr.news\/spanish\/wp-content\/uploads\/sites\/3\/2026\/05\/sn2026_mayo_merida05-385x420.jpeg 385w, https:\/\/www.cssr.news\/spanish\/wp-content\/uploads\/sites\/3\/2026\/05\/sn2026_mayo_merida05.jpeg 991w\" sizes=\"(max-width: 940px) 100vw, 940px\" \/><\/a><\/figure><\/li><li class=\"blocks-gallery-item\"><figure><a href=\"http:\/\/www.cssr.news\/spanish\/wp-content\/uploads\/sites\/3\/2026\/05\/sn2026_mayo_merida01.jpg\"><img width=\"641\" height=\"863\" src=\"http:\/\/www.cssr.news\/spanish\/wp-content\/uploads\/sites\/3\/2026\/05\/sn2026_mayo_merida01.jpg\" alt=\"\" data-id=\"31219\" data-full-url=\"http:\/\/www.cssr.news\/spanish\/wp-content\/uploads\/sites\/3\/2026\/05\/sn2026_mayo_merida01.jpg\" data-link=\"https:\/\/www.cssr.news\/spanish\/?attachment_id=31219\" class=\"wp-image-31219\" srcset=\"https:\/\/www.cssr.news\/spanish\/wp-content\/uploads\/sites\/3\/2026\/05\/sn2026_mayo_merida01.jpg 641w, https:\/\/www.cssr.news\/spanish\/wp-content\/uploads\/sites\/3\/2026\/05\/sn2026_mayo_merida01-223x300.jpg 223w, https:\/\/www.cssr.news\/spanish\/wp-content\/uploads\/sites\/3\/2026\/05\/sn2026_mayo_merida01-312x420.jpg 312w\" sizes=\"(max-width: 641px) 100vw, 641px\" \/><\/a><\/figure><\/li><li class=\"blocks-gallery-item\"><figure><a href=\"http:\/\/www.cssr.news\/spanish\/wp-content\/uploads\/sites\/3\/2026\/05\/sn2026_mayo_merida03.jpeg\"><img width=\"1024\" height=\"768\" src=\"http:\/\/www.cssr.news\/spanish\/wp-content\/uploads\/sites\/3\/2026\/05\/sn2026_mayo_merida03-1024x768.jpeg\" alt=\"\" data-id=\"31221\" data-full-url=\"http:\/\/www.cssr.news\/spanish\/wp-content\/uploads\/sites\/3\/2026\/05\/sn2026_mayo_merida03.jpeg\" data-link=\"https:\/\/www.cssr.news\/spanish\/?attachment_id=31221\" class=\"wp-image-31221\" srcset=\"https:\/\/www.cssr.news\/spanish\/wp-content\/uploads\/sites\/3\/2026\/05\/sn2026_mayo_merida03-1024x768.jpeg 1024w, https:\/\/www.cssr.news\/spanish\/wp-content\/uploads\/sites\/3\/2026\/05\/sn2026_mayo_merida03-300x225.jpeg 300w, https:\/\/www.cssr.news\/spanish\/wp-content\/uploads\/sites\/3\/2026\/05\/sn2026_mayo_merida03-768x576.jpeg 768w, https:\/\/www.cssr.news\/spanish\/wp-content\/uploads\/sites\/3\/2026\/05\/sn2026_mayo_merida03-80x60.jpeg 80w, https:\/\/www.cssr.news\/spanish\/wp-content\/uploads\/sites\/3\/2026\/05\/sn2026_mayo_merida03-265x198.jpeg 265w, https:\/\/www.cssr.news\/spanish\/wp-content\/uploads\/sites\/3\/2026\/05\/sn2026_mayo_merida03-696x522.jpeg 696w, https:\/\/www.cssr.news\/spanish\/wp-content\/uploads\/sites\/3\/2026\/05\/sn2026_mayo_merida03-1068x801.jpeg 1068w, https:\/\/www.cssr.news\/spanish\/wp-content\/uploads\/sites\/3\/2026\/05\/sn2026_mayo_merida03-560x420.jpeg 560w, https:\/\/www.cssr.news\/spanish\/wp-content\/uploads\/sites\/3\/2026\/05\/sn2026_mayo_merida03.jpeg 1280w\" sizes=\"(max-width: 1024px) 100vw, 1024px\" \/><\/a><\/figure><\/li><li class=\"blocks-gallery-item\"><figure><a href=\"http:\/\/www.cssr.news\/spanish\/wp-content\/uploads\/sites\/3\/2026\/05\/sn2026_mayo_merida02.jpeg\"><img width=\"1024\" height=\"768\" src=\"http:\/\/www.cssr.news\/spanish\/wp-content\/uploads\/sites\/3\/2026\/05\/sn2026_mayo_merida02-1024x768.jpeg\" alt=\"\" data-id=\"31220\" data-full-url=\"http:\/\/www.cssr.news\/spanish\/wp-content\/uploads\/sites\/3\/2026\/05\/sn2026_mayo_merida02.jpeg\" data-link=\"https:\/\/www.cssr.news\/spanish\/?attachment_id=31220\" class=\"wp-image-31220\" srcset=\"https:\/\/www.cssr.news\/spanish\/wp-content\/uploads\/sites\/3\/2026\/05\/sn2026_mayo_merida02-1024x768.jpeg 1024w, https:\/\/www.cssr.news\/spanish\/wp-content\/uploads\/sites\/3\/2026\/05\/sn2026_mayo_merida02-300x225.jpeg 300w, https:\/\/www.cssr.news\/spanish\/wp-content\/uploads\/sites\/3\/2026\/05\/sn2026_mayo_merida02-768x576.jpeg 768w, https:\/\/www.cssr.news\/spanish\/wp-content\/uploads\/sites\/3\/2026\/05\/sn2026_mayo_merida02-80x60.jpeg 80w, https:\/\/www.cssr.news\/spanish\/wp-content\/uploads\/sites\/3\/2026\/05\/sn2026_mayo_merida02-265x198.jpeg 265w, https:\/\/www.cssr.news\/spanish\/wp-content\/uploads\/sites\/3\/2026\/05\/sn2026_mayo_merida02-696x522.jpeg 696w, https:\/\/www.cssr.news\/spanish\/wp-content\/uploads\/sites\/3\/2026\/05\/sn2026_mayo_merida02-1068x801.jpeg 1068w, https:\/\/www.cssr.news\/spanish\/wp-content\/uploads\/sites\/3\/2026\/05\/sn2026_mayo_merida02-560x420.jpeg 560w, https:\/\/www.cssr.news\/spanish\/wp-content\/uploads\/sites\/3\/2026\/05\/sn2026_mayo_merida02.jpeg 1280w\" sizes=\"(max-width: 1024px) 100vw, 1024px\" \/><\/a><\/figure><\/li><\/ul><\/figure>\n\n\n\n<p>Tras un periodo de ausencia que comenz\u00f3 el 18 de julio de 2009, la comunidad meride\u00f1a, que qued\u00f3 <em>&#8220;aguardando la esperanza de su retorno alg\u00fan d\u00eda&#8230;&#8221;<\/em>, vio finalmente cumplido su anhelo. La solemne Eucarist\u00eda de retorno fue presidida por Monse\u00f1or Alfredo Torres, oriundo de M\u00e9rida y Obispo Em\u00e9rito de la Di\u00f3cesis de San Fernando de Apure, muy cercano a la familia redentorista.<\/p>\n\n\n\n<p><strong>La celebraci\u00f3n cont\u00f3 con la presencia del P. Mauricio Monroy C\u00e1ceres, C.Ss.R., Superior Provincial junto al P. Aly Argenis Villegas, C.Ss.R., Consultor Ordinario.<\/strong> En este marco de alegr\u00eda, se presentaron oficialmente los nuevos sacerdotes que conformar\u00e1n la comunidad local y guiar\u00e1n los pasos de esta nueva etapa misionera: los padres Jos\u00e9 Vicente Ram\u00edrez Meza y Mart\u00edn Antonio Amundarain Silva.<\/p>\n\n\n\n<p>El templo luci\u00f3 colmado por sacerdotes religiosos, un nutrido grupo de la vida religiosa de la arquidi\u00f3cesis, y una multitud de laicos que manifestaron su j\u00fabilo por el regreso de los hijos de San Alfonso.<\/p>\n\n\n\n<p>Agradecemos infinitamente a Dios por la gracia de regresar a nuestro amado santuario en este a\u00f1o centenario. Con inmensa esperanza, confiamos a la protecci\u00f3n de Mar\u00eda del Perpetuo Socorro la vida y el ministerio de esta nueva comunidad, as\u00ed como el caminar de los cuatro j\u00f3venes que durante este a\u00f1o realizar\u00e1n aqu\u00ed su experiencia de proped\u00e9utico.<\/p>\n\n\n\n<p>La cruz misional vuelve a brillar en M\u00e9rida, y con ella, la certeza de que <em>en \u00c9l hay abundante redenci\u00f3n<\/em>.<\/p>\n\n\n\n<p>enviado por P. \u00d3scar David Tarazona Trujillo, C.Ss.R.<br>Secretario Provincial\u00a0&#8211;\u00a0 Provincia Andino Caribe\u00f1a\u00a0<\/p>\n\n\n\n<p><br><\/p>\n","protected":false},"excerpt":{"rendered":"<p>Un siglo de gracia y un anhelado retorno La historia de la redenci\u00f3n es un continuo tejer de idas, esperas y retornos providenciales. El pasado 6 de mayo de 2026, los Misioneros Redentoristas retomaron oficialmente su presencia y labor pastoral en la ciudad de M\u00e9rida, Venezuela, marcando el renacer de un v\u00ednculo hist\u00f3rico que ha [&hellip;]<\/p>\n","protected":false},"author":3,"featured_media":31222,"comment_status":"closed","ping_status":"closed","sticky":false,"template":"","format":"standard","meta":[],"categories":[2],"tags":[],"_links":{"self":[{"href":"https:\/\/www.cssr.news\/spanish\/wp-json\/wp\/v2\/posts\/31217"}],"collection":[{"href":"https:\/\/www.cssr.news\/spanish\/wp-json\/wp\/v2\/posts"}],"about":[{"href":"https:\/\/www.cssr.news\/spanish\/wp-json\/wp\/v2\/types\/post"}],"author":[{"embeddable":true,"href":"https:\/\/www.cssr.news\/spanish\/wp-json\/wp\/v2\/users\/3"}],"replies":[{"embeddable":true,"href":"https:\/\/www.cssr.news\/spanish\/wp-json\/wp\/v2\/comments?post=31217"}],"version-history":[{"count":2,"href":"https:\/\/www.cssr.news\/spanish\/wp-json\/wp\/v2\/posts\/31217\/revisions"}],"predecessor-version":[{"id":31225,"href":"https:\/\/www.cssr.news\/spanish\/wp-json\/wp\/v2\/posts\/31217\/revisions\/31225"}],"wp:featuredmedia":[{"embeddable":true,"href":"https:\/\/www.cssr.news\/spanish\/wp-json\/wp\/v2\/media\/31222"}],"wp:attachment":[{"href":"https:\/\/www.cssr.news\/spanish\/wp-json\/wp\/v2\/media?parent=31217"}],"wp:term":[{"taxonomy":"category","embeddable":true,"href":"https:\/\/www.cssr.news\/spanish\/wp-json\/wp\/v2\/categories?post=31217"},{"taxonomy":"post_tag","embeddable":true,"href":"https:\/\/www.cssr.news\/spanish\/wp-json\/wp\/v2\/tags?post=31217"}],"curies":[{"name":"wp","href":"https:\/\/api.w.org\/{rel}","templated":true}]}}