{"id":31226,"date":"2026-05-11T12:58:01","date_gmt":"2026-05-11T10:58:01","guid":{"rendered":"https:\/\/www.cssr.news\/spanish\/?p=31226"},"modified":"2026-05-11T12:59:18","modified_gmt":"2026-05-11T10:59:18","slug":"brasil-francisco-das-chagas-es-ordenado-diacono-en-el-santuario-basilica-del-divino-pai-eterno","status":"publish","type":"post","link":"https:\/\/www.cssr.news\/spanish\/2026\/05\/brasil-francisco-das-chagas-es-ordenado-diacono-en-el-santuario-basilica-del-divino-pai-eterno\/","title":{"rendered":"Brasil: Francisco das Chagas es ordenado di\u00e1cono en el Santuario Bas\u00edlica del Divino Pai Eterno"},"content":{"rendered":"\n<p>La Provincia Redentorista de Brasilia celebr\u00f3 el 2 de mayo un momento de gran alegr\u00eda y gratitud con la ordenaci\u00f3n diaconal de Francisco das Chagas. La celebraci\u00f3n tuvo lugar en la Bas\u00edlica Santuario del Divino Pai Eterno, en Trindade, reuniendo a religiosos, familiares, seminaristas y fieles en un ambiente de fe y emoci\u00f3n.<\/p>\n\n\n\n<p>El rito de ordenaci\u00f3n fue presidido por el obispo Mons. Danival Milagres, auxiliar de la arquidi\u00f3cesis de Goi\u00e2nia quien confiri\u00f3 el ministerio diaconal al religioso mediante la imposici\u00f3n de manos y la oraci\u00f3n consagratoria, gesto tradicional de la Iglesia que marca la entrega y el servicio ministerial del nuevo di\u00e1cono.<\/p>\n\n\n\n<p>A la celebraci\u00f3n asistieron el superior provincial, P. Jo\u00e3o Paulo CSsR, as\u00ed como varios misioneros redentoristas, seminaristas y representantes de la comunidad parroquial de la Parroquia de S\u00e3o Jos\u00e9 Oper\u00e1rio, donde el P. Francisco realiza su labor pastoral.<\/p>\n\n\n\n<p>Presentes en la celebraci\u00f3n, la familia del nuevo di\u00e1cono, como miles de fieles de todo el pa\u00eds que siguieron la ordenaci\u00f3n a trav\u00e9s de la transmisi\u00f3n de TV Pai Eterno directamente desde el Santuario de la Bas\u00edlica.<\/p>\n\n\n\n<figure class=\"wp-block-gallery columns-2 is-cropped\"><ul class=\"blocks-gallery-grid\"><li class=\"blocks-gallery-item\"><figure><a href=\"http:\/\/www.cssr.news\/spanish\/wp-content\/uploads\/sites\/3\/2026\/05\/sn2026_mayo_brasilia01.jpeg\"><img width=\"768\" height=\"1024\" src=\"http:\/\/www.cssr.news\/spanish\/wp-content\/uploads\/sites\/3\/2026\/05\/sn2026_mayo_brasilia01-768x1024.jpeg\" alt=\"\" data-id=\"31237\" data-full-url=\"http:\/\/www.cssr.news\/spanish\/wp-content\/uploads\/sites\/3\/2026\/05\/sn2026_mayo_brasilia01.jpeg\" data-link=\"https:\/\/www.cssr.news\/spanish\/2026\/05\/brasil-francisco-das-chagas-es-ordenado-diacono-en-el-santuario-basilica-del-divino-pai-eterno\/sn2026_mayo_brasilia01\/\" class=\"wp-image-31237\" srcset=\"https:\/\/www.cssr.news\/spanish\/wp-content\/uploads\/sites\/3\/2026\/05\/sn2026_mayo_brasilia01-768x1024.jpeg 768w, https:\/\/www.cssr.news\/spanish\/wp-content\/uploads\/sites\/3\/2026\/05\/sn2026_mayo_brasilia01-225x300.jpeg 225w, https:\/\/www.cssr.news\/spanish\/wp-content\/uploads\/sites\/3\/2026\/05\/sn2026_mayo_brasilia01-1152x1536.jpeg 1152w, https:\/\/www.cssr.news\/spanish\/wp-content\/uploads\/sites\/3\/2026\/05\/sn2026_mayo_brasilia01-696x928.jpeg 696w, https:\/\/www.cssr.news\/spanish\/wp-content\/uploads\/sites\/3\/2026\/05\/sn2026_mayo_brasilia01-1068x1424.jpeg 1068w, https:\/\/www.cssr.news\/spanish\/wp-content\/uploads\/sites\/3\/2026\/05\/sn2026_mayo_brasilia01-315x420.jpeg 315w, https:\/\/www.cssr.news\/spanish\/wp-content\/uploads\/sites\/3\/2026\/05\/sn2026_mayo_brasilia01.jpeg 1200w\" sizes=\"(max-width: 768px) 100vw, 768px\" \/><\/a><\/figure><\/li><li class=\"blocks-gallery-item\"><figure><a href=\"http:\/\/www.cssr.news\/spanish\/wp-content\/uploads\/sites\/3\/2026\/05\/sn2026_mayo_brasilia03.jpeg\"><img width=\"768\" height=\"1024\" src=\"http:\/\/www.cssr.news\/spanish\/wp-content\/uploads\/sites\/3\/2026\/05\/sn2026_mayo_brasilia03.jpeg\" alt=\"\" data-id=\"31235\" data-full-url=\"http:\/\/www.cssr.news\/spanish\/wp-content\/uploads\/sites\/3\/2026\/05\/sn2026_mayo_brasilia03.jpeg\" data-link=\"https:\/\/www.cssr.news\/spanish\/2026\/05\/brasil-francisco-das-chagas-es-ordenado-diacono-en-el-santuario-basilica-del-divino-pai-eterno\/sn2026_mayo_brasilia03\/\" class=\"wp-image-31235\" srcset=\"https:\/\/www.cssr.news\/spanish\/wp-content\/uploads\/sites\/3\/2026\/05\/sn2026_mayo_brasilia03.jpeg 768w, https:\/\/www.cssr.news\/spanish\/wp-content\/uploads\/sites\/3\/2026\/05\/sn2026_mayo_brasilia03-225x300.jpeg 225w, https:\/\/www.cssr.news\/spanish\/wp-content\/uploads\/sites\/3\/2026\/05\/sn2026_mayo_brasilia03-696x928.jpeg 696w, https:\/\/www.cssr.news\/spanish\/wp-content\/uploads\/sites\/3\/2026\/05\/sn2026_mayo_brasilia03-315x420.jpeg 315w\" sizes=\"(max-width: 768px) 100vw, 768px\" \/><\/a><\/figure><\/li><\/ul><\/figure>\n\n\n\n<p>Originario de Tiangu\u00e1, Francisco das Chagas naci\u00f3 el 14 de abril de 1998, hijo de Mar\u00eda Ferreira de Sousa y Manoel J\u00falio Ferreira (qepd). Ingres\u00f3 a la Congregaci\u00f3n Redentorista en 2017, en el Aspirantado Beato Pedro Donders de Caucaia, Cear\u00e1. Durante su formaci\u00f3n, estudi\u00f3 filosof\u00eda en la Facultad Cat\u00f3lica de Fortaleza y teolog\u00eda en el Instituto de Filosof\u00eda y Teolog\u00eda de Goi\u00e1s.<\/p>\n\n\n\n<p>Su trayectoria vocacional tambi\u00e9n estuvo marcada por su noviciado en Campina Grande, su experiencia misionera en Cotu\u00ed y su labor pastoral en Para\u00edso do Tocantins. La profesi\u00f3n perpetua en la Congregaci\u00f3n del Sant\u00edsimo Redentor tuvo lugar en marzo de este a\u00f1o, consolidando as\u00ed su compromiso definitivo con la vida religiosa y misionera.<\/p>\n\n\n\n<p>La ordenaci\u00f3n diaconal representa un paso m\u00e1s en su camino hacia el sacerdocio y refuerza la misi\u00f3n evangelizadora de la Congregaci\u00f3n Redentorista entre el pueblo de Dios. La comunidad redentorista permanece unida en oraci\u00f3n, pidiendo al Divino Padre Eterno que gu\u00ede y fortalezca el ministerio del nuevo di\u00e1cono en su misi\u00f3n de servicio, proclamaci\u00f3n del Evangelio y consagraci\u00f3n a la Iglesia.<\/p>\n\n\n\n<p>Provincia Redentorista de Brasilia<\/p>\n","protected":false},"excerpt":{"rendered":"<p>La Provincia Redentorista de Brasilia celebr\u00f3 el 2 de mayo un momento de gran alegr\u00eda y gratitud con la ordenaci\u00f3n diaconal de Francisco das Chagas. La celebraci\u00f3n tuvo lugar en la Bas\u00edlica Santuario del Divino Pai Eterno, en Trindade, reuniendo a religiosos, familiares, seminaristas y fieles en un ambiente de fe y emoci\u00f3n. El rito [&hellip;]<\/p>\n","protected":false},"author":3,"featured_media":31236,"comment_status":"closed","ping_status":"closed","sticky":false,"template":"","format":"standard","meta":[],"categories":[15],"tags":[],"_links":{"self":[{"href":"https:\/\/www.cssr.news\/spanish\/wp-json\/wp\/v2\/posts\/31226"}],"collection":[{"href":"https:\/\/www.cssr.news\/spanish\/wp-json\/wp\/v2\/posts"}],"about":[{"href":"https:\/\/www.cssr.news\/spanish\/wp-json\/wp\/v2\/types\/post"}],"author":[{"embeddable":true,"href":"https:\/\/www.cssr.news\/spanish\/wp-json\/wp\/v2\/users\/3"}],"replies":[{"embeddable":true,"href":"https:\/\/www.cssr.news\/spanish\/wp-json\/wp\/v2\/comments?post=31226"}],"version-history":[{"count":2,"href":"https:\/\/www.cssr.news\/spanish\/wp-json\/wp\/v2\/posts\/31226\/revisions"}],"predecessor-version":[{"id":31239,"href":"https:\/\/www.cssr.news\/spanish\/wp-json\/wp\/v2\/posts\/31226\/revisions\/31239"}],"wp:featuredmedia":[{"embeddable":true,"href":"https:\/\/www.cssr.news\/spanish\/wp-json\/wp\/v2\/media\/31236"}],"wp:attachment":[{"href":"https:\/\/www.cssr.news\/spanish\/wp-json\/wp\/v2\/media?parent=31226"}],"wp:term":[{"taxonomy":"category","embeddable":true,"href":"https:\/\/www.cssr.news\/spanish\/wp-json\/wp\/v2\/categories?post=31226"},{"taxonomy":"post_tag","embeddable":true,"href":"https:\/\/www.cssr.news\/spanish\/wp-json\/wp\/v2\/tags?post=31226"}],"curies":[{"name":"wp","href":"https:\/\/api.w.org\/{rel}","templated":true}]}}