{"id":31229,"date":"2026-05-11T12:44:08","date_gmt":"2026-05-11T10:44:08","guid":{"rendered":"https:\/\/www.cssr.news\/spanish\/?p=31229"},"modified":"2026-05-11T12:47:55","modified_gmt":"2026-05-11T10:47:55","slug":"italia-peregrinacion-a-muro-lucano-lugar-de-nacimiento-de-san-gerardo-majella","status":"publish","type":"post","link":"https:\/\/www.cssr.news\/spanish\/2026\/05\/italia-peregrinacion-a-muro-lucano-lugar-de-nacimiento-de-san-gerardo-majella\/","title":{"rendered":"Italia: Peregrinaci\u00f3n a Muro Lucano, lugar de nacimiento de San Gerardo Majella."},"content":{"rendered":"\n<p>El 9 de mayo, los cohermanos de la Comunidad de San Alfonso en Roma, junto con miembros del Collegio Maggiore, emprendieron una memorable peregrinaci\u00f3n a Muro Lucano, lugar de nacimiento de San Gerardo Majella. Treinta y dos hermanos participaron en este viaje espiritual, organizado especialmente para conmemorar el 300 aniversario del nacimiento del venerado santo redentorista.<\/p>\n\n\n\n<p>La peregrinaci\u00f3n comenz\u00f3 con una visita a la Concatedral de la Asunci\u00f3n de la Sant\u00edsima Virgen Mar\u00eda. El grupo fue recibido con gran calidez y guiado por el p\u00e1rroco, el padre Thomas, quien explic\u00f3 la importancia hist\u00f3rica y espiritual de la catedral y su conexi\u00f3n con la vida de San Gerardo. Sus profundas explicaciones ayudaron a los cohermanos a comprender mejor la fe y la devoci\u00f3n que marcaron la juventud del santo.<\/p>\n\n\n\n<figure class=\"wp-block-gallery columns-3 is-cropped\"><ul class=\"blocks-gallery-grid\"><li class=\"blocks-gallery-item\"><figure><a href=\"http:\/\/www.cssr.news\/wp-content\/uploads\/2026\/05\/WhatsApp-Image-2026-05-11-at-09.57.17.jpeg\"><img src=\"http:\/\/www.cssr.news\/wp-content\/uploads\/2026\/05\/WhatsApp-Image-2026-05-11-at-09.57.17-1024x683.jpeg\" alt=\"\" data-id=\"41492\" data-full-url=\"http:\/\/www.cssr.news\/wp-content\/uploads\/2026\/05\/WhatsApp-Image-2026-05-11-at-09.57.17.jpeg\" data-link=\"https:\/\/www.cssr.news\/?attachment_id=41492\" class=\"wp-image-41492\"\/><\/a><\/figure><\/li><li class=\"blocks-gallery-item\"><figure><a href=\"http:\/\/www.cssr.news\/wp-content\/uploads\/2026\/05\/WhatsApp-Image-2026-05-11-at-09.57.17-2.jpeg\"><img src=\"http:\/\/www.cssr.news\/wp-content\/uploads\/2026\/05\/WhatsApp-Image-2026-05-11-at-09.57.17-2-1024x682.jpeg\" alt=\"\" data-id=\"41491\" data-full-url=\"http:\/\/www.cssr.news\/wp-content\/uploads\/2026\/05\/WhatsApp-Image-2026-05-11-at-09.57.17-2.jpeg\" data-link=\"https:\/\/www.cssr.news\/?attachment_id=41491\" class=\"wp-image-41491\"\/><\/a><\/figure><\/li><li class=\"blocks-gallery-item\"><figure><a href=\"http:\/\/www.cssr.news\/wp-content\/uploads\/2026\/05\/WhatsApp-Image-2026-05-11-at-09.57.16.jpeg\"><img src=\"http:\/\/www.cssr.news\/wp-content\/uploads\/2026\/05\/WhatsApp-Image-2026-05-11-at-09.57.16-768x1024.jpeg\" alt=\"\" data-id=\"41493\" data-full-url=\"http:\/\/www.cssr.news\/wp-content\/uploads\/2026\/05\/WhatsApp-Image-2026-05-11-at-09.57.16.jpeg\" data-link=\"https:\/\/www.cssr.news\/?attachment_id=41493\" class=\"wp-image-41493\"\/><\/a><\/figure><\/li><li class=\"blocks-gallery-item\"><figure><a href=\"http:\/\/www.cssr.news\/wp-content\/uploads\/2026\/05\/WhatsApp-Image-2026-05-11-at-09.57.17-3.jpeg\"><img src=\"http:\/\/www.cssr.news\/wp-content\/uploads\/2026\/05\/WhatsApp-Image-2026-05-11-at-09.57.17-3-1024x683.jpeg\" alt=\"\" data-id=\"41490\" data-full-url=\"http:\/\/www.cssr.news\/wp-content\/uploads\/2026\/05\/WhatsApp-Image-2026-05-11-at-09.57.17-3.jpeg\" data-link=\"https:\/\/www.cssr.news\/?attachment_id=41490\" class=\"wp-image-41490\"\/><\/a><\/figure><\/li><li class=\"blocks-gallery-item\"><figure><a href=\"http:\/\/www.cssr.news\/wp-content\/uploads\/2026\/05\/WhatsApp-Image-2026-05-11-at-09.57.17-4.jpeg\"><img src=\"http:\/\/www.cssr.news\/wp-content\/uploads\/2026\/05\/WhatsApp-Image-2026-05-11-at-09.57.17-4-768x1024.jpeg\" alt=\"\" data-id=\"41489\" data-full-url=\"http:\/\/www.cssr.news\/wp-content\/uploads\/2026\/05\/WhatsApp-Image-2026-05-11-at-09.57.17-4.jpeg\" data-link=\"https:\/\/www.cssr.news\/?attachment_id=41489\" class=\"wp-image-41489\"\/><\/a><\/figure><\/li><li class=\"blocks-gallery-item\"><figure><a href=\"http:\/\/www.cssr.news\/wp-content\/uploads\/2026\/05\/WhatsApp-Image-2026-05-11-at-09.57.17-1.jpeg\"><img src=\"http:\/\/www.cssr.news\/wp-content\/uploads\/2026\/05\/WhatsApp-Image-2026-05-11-at-09.57.17-1-1024x683.jpeg\" alt=\"\" data-id=\"41488\" data-full-url=\"http:\/\/www.cssr.news\/wp-content\/uploads\/2026\/05\/WhatsApp-Image-2026-05-11-at-09.57.17-1.jpeg\" data-link=\"https:\/\/www.cssr.news\/?attachment_id=41488\" class=\"wp-image-41488\"\/><\/a><\/figure><\/li><li class=\"blocks-gallery-item\"><figure><a href=\"http:\/\/www.cssr.news\/wp-content\/uploads\/2026\/05\/WhatsApp-Image-2026-05-11-at-09.57.15.jpeg\"><img src=\"http:\/\/www.cssr.news\/wp-content\/uploads\/2026\/05\/WhatsApp-Image-2026-05-11-at-09.57.15-1024x462.jpeg\" alt=\"\" data-id=\"41495\" data-full-url=\"http:\/\/www.cssr.news\/wp-content\/uploads\/2026\/05\/WhatsApp-Image-2026-05-11-at-09.57.15.jpeg\" data-link=\"https:\/\/www.cssr.news\/?attachment_id=41495\" class=\"wp-image-41495\"\/><\/a><\/figure><\/li><\/ul><\/figure>\n\n\n\n<p>Los peregrinos visitaron la humilde casa donde naci\u00f3 y creci\u00f3 San Gerardo. Encontrarse en el mismo lugar donde el santo pas\u00f3 su infancia fue una experiencia conmovedora para muchos, especialmente para quienes visitaban Muro Lucano por primera vez. El grupo tambi\u00e9n visit\u00f3 el taller de carpinter\u00eda donde el joven Gerardo trabaj\u00f3 y aprendi\u00f3 el valor de la sencillez, el trabajo arduo y la obediencia, virtudes que m\u00e1s tarde se convertir\u00edan en caracter\u00edsticas distintivas de su santa vida.<\/p>\n\n\n\n<p>La peregrinaci\u00f3n concluy\u00f3 en la Iglesia de San Andr\u00e9s Ap\u00f3stol, donde el Padre Giovanni Congiou, rector de la casa, celebr\u00f3 la Sagrada Eucarist\u00eda. La celebraci\u00f3n eucar\u00edstica fue la culminaci\u00f3n espiritual del viaje, uniendo a los cohermanos en oraci\u00f3n y acci\u00f3n de gracias por el inspirador testimonio de San Gerardo Majella.<\/p>\n\n\n\n<p>Despu\u00e9s de la Misa, los cohermanos compartieron una alegre comuni\u00f3n antes de emprender el viaje de regreso a Roma. Aunque el viaje fue largo y arduo, todos regresaron con el coraz\u00f3n lleno de satisfacci\u00f3n y gratitud. La peregrinaci\u00f3n ofreci\u00f3 no solo la oportunidad de visitar el lugar de nacimiento de un gran santo, sino tambi\u00e9n un momento de fraternidad, reflexi\u00f3n y renovaci\u00f3n en el esp\u00edritu de San Gerardo con motivo de su 300 aniversario.<\/p>\n\n\n\n<p>Scala News<\/p>\n","protected":false},"excerpt":{"rendered":"<p>El 9 de mayo, los cohermanos de la Comunidad de San Alfonso en Roma, junto con miembros del Collegio Maggiore, emprendieron una memorable peregrinaci\u00f3n a Muro Lucano, lugar de nacimiento de San Gerardo Majella. Treinta y dos hermanos participaron en este viaje espiritual, organizado especialmente para conmemorar el 300 aniversario del nacimiento del venerado santo [&hellip;]<\/p>\n","protected":false},"author":3,"featured_media":31230,"comment_status":"closed","ping_status":"closed","sticky":false,"template":"","format":"standard","meta":[],"categories":[45],"tags":[],"_links":{"self":[{"href":"https:\/\/www.cssr.news\/spanish\/wp-json\/wp\/v2\/posts\/31229"}],"collection":[{"href":"https:\/\/www.cssr.news\/spanish\/wp-json\/wp\/v2\/posts"}],"about":[{"href":"https:\/\/www.cssr.news\/spanish\/wp-json\/wp\/v2\/types\/post"}],"author":[{"embeddable":true,"href":"https:\/\/www.cssr.news\/spanish\/wp-json\/wp\/v2\/users\/3"}],"replies":[{"embeddable":true,"href":"https:\/\/www.cssr.news\/spanish\/wp-json\/wp\/v2\/comments?post=31229"}],"version-history":[{"count":3,"href":"https:\/\/www.cssr.news\/spanish\/wp-json\/wp\/v2\/posts\/31229\/revisions"}],"predecessor-version":[{"id":31234,"href":"https:\/\/www.cssr.news\/spanish\/wp-json\/wp\/v2\/posts\/31229\/revisions\/31234"}],"wp:featuredmedia":[{"embeddable":true,"href":"https:\/\/www.cssr.news\/spanish\/wp-json\/wp\/v2\/media\/31230"}],"wp:attachment":[{"href":"https:\/\/www.cssr.news\/spanish\/wp-json\/wp\/v2\/media?parent=31229"}],"wp:term":[{"taxonomy":"category","embeddable":true,"href":"https:\/\/www.cssr.news\/spanish\/wp-json\/wp\/v2\/categories?post=31229"},{"taxonomy":"post_tag","embeddable":true,"href":"https:\/\/www.cssr.news\/spanish\/wp-json\/wp\/v2\/tags?post=31229"}],"curies":[{"name":"wp","href":"https:\/\/api.w.org\/{rel}","templated":true}]}}