{"id":31366,"date":"2026-05-18T11:44:11","date_gmt":"2026-05-18T09:44:11","guid":{"rendered":"https:\/\/www.cssr.news\/spanish\/?p=31366"},"modified":"2026-05-18T12:16:49","modified_gmt":"2026-05-18T10:16:49","slug":"papa-leon-xiv-escribe-sobre-san-gerardo-majella","status":"publish","type":"post","link":"https:\/\/www.cssr.news\/spanish\/2026\/05\/papa-leon-xiv-escribe-sobre-san-gerardo-majella\/","title":{"rendered":"Papa Le\u00f3n XIV escribe a los obispos de Basilicata con motivo del tercer centenario de San Gerardo Majella"},"content":{"rendered":"\n<p>\u00abCelebrar este aniversario tan especial y el A\u00f1o Jubilar Gerardiano que lo acompa\u00f1a significa, para todos ustedes, redescubrir que la santidad no es una meta para unos pocos elegidos, sino una vocaci\u00f3n para todos los bautizados\u00bb. Con estas palabras, el Papa Le\u00f3n XIV se dirigi\u00f3 a los obispos de Basilicata con motivo del tercer centenario del nacimiento de San Gerardo Majella.<\/p>\n\n\n\n<p>En una carta fechada el 23 de abril de 2026, dirigida al Arzobispo Metropolitano de Potenza y Presidente de la Conferencia Episcopal de Basilicata, Mons. Davide Carbonaro, el Pont\u00edfice recuerda la figura de San Gerardo y lo presenta hoy como modelo de santidad cristiana para el pueblo de Basilicata, y especialmente para los j\u00f3venes: \u00abLos animo a descubrir la belleza de una vida que, entregada a los dem\u00e1s, se multiplica por el amor y sin l\u00edmites. [\u2026] Gerardo ense\u00f1a que uno puede ser protagonista del bien en su propio territorio, transformando la realidad local con el poder de la oraci\u00f3n, la solidaridad y la creatividad\u00bb.<\/p>\n\n\n\n<p>La carta invita a reflexionar sobre la defensa de la vida y la maternidad, recordando que San Gerardo es \u00abuniversalmente invocado como el santo patr\u00f3n de las madres y las mujeres de parto\u00bb. Ante una sociedad en la que \u00abla vida humana a menudo se ve amenazada o rechazada\u00bb, el Papa espera que \u00abcada ni\u00f1o que nace sea recibido con la misma alegr\u00eda con la que Gerardo acog\u00eda a los pobres en la puerta del convento\u00bb.<\/p>\n\n\n\n<p>(<a href=\"https:\/\/www.chiesedibasilicata.it\/lettera-di-papa-leone-xiv-per-il-terzo-centenario-di-san-gerardo-maiella\/\">Conferenza Episcopale di Basilicata<\/a>&nbsp;\u2013 Scala News)<\/p>\n\n\n\n<hr class=\"wp-block-separator\"\/>\n\n\n\n<p>A continuaci\u00f3n, la carta completa:<\/p>\n\n\n\n<p>A mis queridos hermanos en el episcopado, a los sacerdotes, a las personas consagradas y a los fieles laicos de las iglesias de Basilicata<\/p>\n\n\n\n<p>Hace trescientos a\u00f1os, en el coraz\u00f3n de Basilicata, en Muro Lucano, floreci\u00f3 una flor de santidad que perfumar\u00eda toda la Iglesia: Gerardo Majella, patrono de esta regi\u00f3n y de los j\u00f3venes de Basilicata. Fue un humilde religioso redentorista que supo leer el Evangelio a trav\u00e9s de los ojos de los peque\u00f1os y de los pobres. Celebrar este aniversario tan especial y el A\u00f1o Jubilar Gerardiano que lo acompa\u00f1a significa, para todos ustedes, redescubrir que la santidad no es una meta para unos pocos elegidos, sino una vocaci\u00f3n para todos los bautizados. Su experiencia de vida, marcada por viajes interiores, revelaciones m\u00edsticas y actos milagrosos, manifiesta la riqueza de la gracia en una vida que se entrega completamente a Dios, con sencillez y humildad. Da vida a la Pascua del Se\u00f1or Jes\u00fas y a\u00fan hoy fascina a muchos, convirti\u00e9ndose en un camino de evangelizaci\u00f3n.<\/p>\n\n\n\n<p>\u00abAqu\u00ed se cumple la voluntad de Dios\u00bb. Estas palabras, que Gerardo escribi\u00f3 en la puerta de su celda en el convento de Materdomini (Avellino), donde muri\u00f3 y reposan sus restos mortales, representan la esencia de su mensaje. Se dice que, a pesar de estar a menudo absorto en \u00e9xtasis, se lanzaba \u00abcomo un resorte\u00bb a la menor se\u00f1al de su superior para ofrecer sus servicios. No se someti\u00f3 a la voluntad de Dios como un destino ineludible, sino que la abraz\u00f3 como una sinfon\u00eda de salvaci\u00f3n, sabiendo que cumplir la voluntad del Padre no significa renunciar a la propia libertad, sino encontrar la plenitud y el profundo sentido de la vida a trav\u00e9s de la uni\u00f3n con \u00c9l.<\/p>\n\n\n\n<p>En una \u00e9poca marcada por la incertidumbre, el egocentrismo y la b\u00fasqueda fren\u00e9tica de autonom\u00eda, este fiel disc\u00edpulo de Cristo nos recuerda que la verdadera libertad se encuentra en la adhesi\u00f3n al plan de amor del Padre.<\/p>\n\n\n\n<p>San Gerardo es invocado universalmente como patrono de las madres y las mujeres en trabajo de parto. Este patronazgo nace del alma de quien supo convertirse en un vientre para el sufrimiento ajeno. Ante una decadencia moral en la que la vida humana a menudo se ve amenazada o rechazada, su testimonio tambi\u00e9n llama a las comunidades Lucanas a ser baluartes de esperanza. Esto exige intensificar las iniciativas de apoyo a la maternidad y a las familias en dificultades. Que cada ni\u00f1o que nazca sea recibido con la misma alegr\u00eda con la que Gerardo acog\u00eda a los pobres a la puerta del convento.<\/p>\n\n\n\n<p>Me dirijo en particular a los j\u00f3venes de Basilicata. San Gerardo vivi\u00f3 una juventud apasionada, marcada por las dificultades pero iluminada por una alegr\u00eda contagiosa. Queridos j\u00f3venes, los animo a descubrir la belleza de una vida que, entregada a los dem\u00e1s, se multiplica por el amor y sin l\u00edmites. No permitan que las sombras del empleo precario ni la tentaci\u00f3n de abandonar sus ra\u00edces les roben la esperanza. Gerardo nos ense\u00f1a que podemos ser agentes de bien en nuestras propias comunidades, transformando la realidad local con el poder de la oraci\u00f3n, la solidaridad y la creatividad. Sean art\u00edfices del cambio local, conscientes de que las zonas perif\u00e9ricas pueden convertirse en laboratorios de innovaci\u00f3n y fraternidad a trav\u00e9s de la creaci\u00f3n de redes. Es necesario fomentar la colaboraci\u00f3n estrat\u00e9gica entre los diversos actores locales \u2014asociaciones, ciudadanos, empresas, instituciones educativas, instituciones civiles y eclesiales\u2014 para abordar conjuntamente problemas complejos con miras a la regeneraci\u00f3n social.<\/p>\n\n\n\n<p>He aprendido que el Tercer Centenario del nacimiento de San Gerardo Majella se presenta como un camino multifac\u00e9tico que acompa\u00f1ar\u00e1 a los fieles y a las comunidades durante todo un a\u00f1o: celebraciones lit\u00fargicas, conferencias, iniciativas culturales y momentos de reflexi\u00f3n. Que este A\u00f1o de San Gerardo, en el que la memoria, la fe y la identidad se entrelazan en torno a uno de los santos m\u00e1s representativos de su historia, no sea solo una ocasi\u00f3n festiva, sino tambi\u00e9n una oportunidad para releer en el contexto actual a una figura que, nacida en un peque\u00f1o pueblo del interior , habl\u00f3 a diferentes generaciones, manteniendo una presencia viva en la devoci\u00f3n y la cultura del sur de Italia.<\/p>\n\n\n\n<p>Queridos hermanos y hermanas, miren a Gerardo y ver\u00e1n la belleza de un Dios que se inclina ante las debilidades humanas. Que aquel a quien llamaban \u00abel loco de Dios\u00bb interceda por ustedes para que vivan con esa locura del amor evang\u00e9lico que, solo \u00e9l, puede cambiar el mundo. Los encomiendo a todos a la protecci\u00f3n de la Virgen Mar\u00eda, a quien san Gerardo am\u00f3 con ternura filial, y les imparto cordialmente mi Bendici\u00f3n Apost\u00f3lica.<\/p>\n\n\n\n<p>Desde el Vaticano, 23 de abril de 2026<br>Le\u00f3n PP. XIV<\/p>\n","protected":false},"excerpt":{"rendered":"<p>\u00abCelebrar este aniversario tan especial y el A\u00f1o Jubilar Gerardiano que lo acompa\u00f1a significa, para todos ustedes, redescubrir que la santidad no es una meta para unos pocos elegidos, sino una vocaci\u00f3n para todos los bautizados\u00bb. Con estas palabras, el Papa Le\u00f3n XIV se dirigi\u00f3 a los obispos de Basilicata con motivo del tercer centenario [&hellip;]<\/p>\n","protected":false},"author":3,"featured_media":31369,"comment_status":"closed","ping_status":"closed","sticky":false,"template":"","format":"standard","meta":[],"categories":[45],"tags":[],"_links":{"self":[{"href":"https:\/\/www.cssr.news\/spanish\/wp-json\/wp\/v2\/posts\/31366"}],"collection":[{"href":"https:\/\/www.cssr.news\/spanish\/wp-json\/wp\/v2\/posts"}],"about":[{"href":"https:\/\/www.cssr.news\/spanish\/wp-json\/wp\/v2\/types\/post"}],"author":[{"embeddable":true,"href":"https:\/\/www.cssr.news\/spanish\/wp-json\/wp\/v2\/users\/3"}],"replies":[{"embeddable":true,"href":"https:\/\/www.cssr.news\/spanish\/wp-json\/wp\/v2\/comments?post=31366"}],"version-history":[{"count":4,"href":"https:\/\/www.cssr.news\/spanish\/wp-json\/wp\/v2\/posts\/31366\/revisions"}],"predecessor-version":[{"id":31371,"href":"https:\/\/www.cssr.news\/spanish\/wp-json\/wp\/v2\/posts\/31366\/revisions\/31371"}],"wp:featuredmedia":[{"embeddable":true,"href":"https:\/\/www.cssr.news\/spanish\/wp-json\/wp\/v2\/media\/31369"}],"wp:attachment":[{"href":"https:\/\/www.cssr.news\/spanish\/wp-json\/wp\/v2\/media?parent=31366"}],"wp:term":[{"taxonomy":"category","embeddable":true,"href":"https:\/\/www.cssr.news\/spanish\/wp-json\/wp\/v2\/categories?post=31366"},{"taxonomy":"post_tag","embeddable":true,"href":"https:\/\/www.cssr.news\/spanish\/wp-json\/wp\/v2\/tags?post=31366"}],"curies":[{"name":"wp","href":"https:\/\/api.w.org\/{rel}","templated":true}]}}