{"id":31372,"date":"2026-05-19T19:15:33","date_gmt":"2026-05-19T17:15:33","guid":{"rendered":"https:\/\/www.cssr.news\/spanish\/?p=31372"},"modified":"2026-05-19T19:15:37","modified_gmt":"2026-05-19T17:15:37","slug":"eslovaquia-asentamiento-del-nuevo-protosyncello-miroslav-bujdos-cssr","status":"publish","type":"post","link":"https:\/\/www.cssr.news\/spanish\/2026\/05\/eslovaquia-asentamiento-del-nuevo-protosyncello-miroslav-bujdos-cssr\/","title":{"rendered":"Eslovaquia: Asentamiento del nuevo protosyncello \u2013 Miroslav Bujdo\u0161 CSsR"},"content":{"rendered":"\n<p>En la fiesta de la Ascensi\u00f3n del Se\u00f1or, el nuevo Protosincelo \u2013 Vicario General de la Eparqu\u00eda de Bratislava, P. Miroslav Bujdo\u0161 CSsR, fue investido en la Catedral de la Exaltaci\u00f3n de la Santa Cruz en Bratislava. La ceremonia de investidura tuvo lugar en el marco de la liturgia arzobispal y fue presidida por Vladyka Milan Lach SJ, Obispo Eparquial de Bratislava.<\/p>\n\n\n\n<p>Al inicio de la celebraci\u00f3n lit\u00fargica, el Padre Vladim\u00edr Skyba, quien ha desempe\u00f1ado este cargo hasta la fecha (durante 18 a\u00f1os) y actualmente funge como Canciller de la Oficina Eparquial, ley\u00f3 el decreto de Vladyka Milan sobre el nombramiento del Protosincelo, con fecha del 10 de abril de 2026.<\/p>\n\n\n\n<p>(se puede leer tambi\u00e9n: <a rel=\"noreferrer noopener\" href=\"el padre Miroslav Bujdo\u0161 CSsR nombrado vicario general de la Eparqu\u00eda greco-cat\u00f3lica de Bratislava\" target=\"_blank\">Eslovaquia: el padre Miroslav Bujdo\u0161 CSsR nombrado vicario general de la Eparqu\u00eda greco-cat\u00f3lica de Bratislava<\/a>)<\/p>\n\n\n\n<p>La ceremonia de investidura consisti\u00f3 en la recitaci\u00f3n de una oraci\u00f3n y la presentaci\u00f3n de la mitra. El privilegio del vicario general incluye tambi\u00e9n el derecho a llevar la cruz dorada con ornamentos y el cintur\u00f3n. El padre Miroslav ya posee estas insignias, pues anteriormente fue superior viceprovincial de la viceprovincia eslovaca de los Redentoristas de Rito Oriental, y por lo tanto seguir\u00e1 us\u00e1ndolas en el futuro.<\/p>\n\n\n\n<figure class=\"wp-block-gallery columns-3 is-cropped\"><ul class=\"blocks-gallery-grid\"><li class=\"blocks-gallery-item\"><figure><a href=\"http:\/\/www.cssr.news\/italian\/wp-content\/uploads\/sites\/2\/2026\/05\/sn260518-Bujdos@grkatba-sk11.jpg\"><img src=\"http:\/\/www.cssr.news\/italian\/wp-content\/uploads\/sites\/2\/2026\/05\/sn260518-Bujdos@grkatba-sk11-1024x768.jpg\" alt=\"\" data-id=\"33747\" data-full-url=\"http:\/\/www.cssr.news\/italian\/wp-content\/uploads\/sites\/2\/2026\/05\/sn260518-Bujdos@grkatba-sk11.jpg\" data-link=\"https:\/\/www.cssr.news\/italian\/?attachment_id=33747\" class=\"wp-image-33747\"\/><\/a><\/figure><\/li><li class=\"blocks-gallery-item\"><figure><a href=\"http:\/\/www.cssr.news\/italian\/wp-content\/uploads\/sites\/2\/2026\/05\/sn260518-Bujdos@grkatba-sk13.jpg\"><img src=\"http:\/\/www.cssr.news\/italian\/wp-content\/uploads\/sites\/2\/2026\/05\/sn260518-Bujdos@grkatba-sk13-1024x768.jpg\" alt=\"\" data-id=\"33749\" data-full-url=\"http:\/\/www.cssr.news\/italian\/wp-content\/uploads\/sites\/2\/2026\/05\/sn260518-Bujdos@grkatba-sk13.jpg\" data-link=\"https:\/\/www.cssr.news\/italian\/?attachment_id=33749\" class=\"wp-image-33749\"\/><\/a><\/figure><\/li><li class=\"blocks-gallery-item\"><figure><a href=\"http:\/\/www.cssr.news\/italian\/wp-content\/uploads\/sites\/2\/2026\/05\/sn260518-Bujdos@grkatba-sk12.jpg\"><img src=\"http:\/\/www.cssr.news\/italian\/wp-content\/uploads\/sites\/2\/2026\/05\/sn260518-Bujdos@grkatba-sk12.jpg\" alt=\"\" data-id=\"33748\" data-full-url=\"http:\/\/www.cssr.news\/italian\/wp-content\/uploads\/sites\/2\/2026\/05\/sn260518-Bujdos@grkatba-sk12.jpg\" data-link=\"https:\/\/www.cssr.news\/italian\/?attachment_id=33748\" class=\"wp-image-33748\"\/><\/a><\/figure><\/li><\/ul><\/figure>\n\n\n\n<p>El nuevo protos\u00edncelo se dirigi\u00f3 a los fieles en su homil\u00eda. Se inspir\u00f3 en el Evangelio de Lucas, reflexionando sobre el gesto de Jes\u00fas de guiar a los disc\u00edpulos fuera de Jerusal\u00e9n hasta Betania antes de la Ascensi\u00f3n. Haciendo eco de la expresi\u00f3n \u00ablos gui\u00f3 fuera\u00bb \u2014la misma que se usa en el Antiguo Testamento para Mois\u00e9s, quien liber\u00f3 al pueblo de la esclavitud\u2014, el predicador enfatiz\u00f3 c\u00f3mo Jes\u00fas liber\u00f3 a los disc\u00edpulos de una visi\u00f3n de la fe reducida a preceptos y obligaciones, haciendo que Dios fuera accesible a todas las naciones y culturas. El fruto de esta liberaci\u00f3n fue la transformaci\u00f3n del temor en alegr\u00eda.<\/p>\n\n\n\n<p>En el centro de la homil\u00eda se encontraba una invitaci\u00f3n crucial: centrar nuestra mirada en Cristo en lugar de en nuestros propios pecados y fallas. \u00abSeamos cristianos que se centren en la grandeza de nuestro Dios, no en la grandeza de nuestros pecados\u00bb, porque es precisamente de esta certeza, la de ser amados por Dios en cada momento de la vida, que nacen la esperanza y la alegr\u00eda.<\/p>\n\n\n\n<p>El protosincelo concluy\u00f3 expresando la esperanza de que la confusi\u00f3n se transforme en esperanza, el miedo en valent\u00eda y la desesperaci\u00f3n en alegr\u00eda.<\/p>\n\n\n\n<p>Al finalizar la celebraci\u00f3n lit\u00fargica, el obispo Milan Lach dese\u00f3 al padre Miroslav mucha fortaleza y alegr\u00eda en su nuevo ministerio, pues estas son las caracter\u00edsticas que deben distinguir a todo disc\u00edpulo de Jes\u00fas. Invit\u00f3 a la comunidad eparquial a orar por el padre Miroslav y su ministerio.<\/p>\n\n\n\n<p>Vladiq Milan tambi\u00e9n agradeci\u00f3 al protosincelo saliente, el padre Vladim\u00edr Skyba, quien durante dieciocho a\u00f1os acompa\u00f1\u00f3 a Vladdiq Peter Rusn\u00e1k en la direcci\u00f3n de la eparqu\u00eda. Compar\u00f3 su ministerio con el papel de los segundos violines en una orquesta, sin los cuales los primeros violines no destacar\u00edan. Como record\u00f3 el Vladyka, todo el per\u00edodo de los inicios de la Eparqu\u00eda y la construcci\u00f3n de nuevos edificios no fue f\u00e1cil: \u00abCon la ayuda de Dios, junto con los sacerdotes, hicieron todo lo posible. \u00a1Que todo esto sea para la gloria de Dios!\u00bb.<\/p>\n\n\n\n<p>La celebraci\u00f3n concluy\u00f3 con la Liturgia de los Siete Ritos y la unci\u00f3n de los enfermos.<\/p>\n\n\n\n<p>Texto y fotos: Stanislav G\u00e1bor \/ Scala News ed.<\/p>\n","protected":false},"excerpt":{"rendered":"<p>En la fiesta de la Ascensi\u00f3n del Se\u00f1or, el nuevo Protosincelo \u2013 Vicario General de la Eparqu\u00eda de Bratislava, P. Miroslav Bujdo\u0161 CSsR, fue investido en la Catedral de la Exaltaci\u00f3n de la Santa Cruz en Bratislava. La ceremonia de investidura tuvo lugar en el marco de la liturgia arzobispal y fue presidida por Vladyka [&hellip;]<\/p>\n","protected":false},"author":3,"featured_media":31373,"comment_status":"closed","ping_status":"closed","sticky":false,"template":"","format":"standard","meta":[],"categories":[15],"tags":[],"_links":{"self":[{"href":"https:\/\/www.cssr.news\/spanish\/wp-json\/wp\/v2\/posts\/31372"}],"collection":[{"href":"https:\/\/www.cssr.news\/spanish\/wp-json\/wp\/v2\/posts"}],"about":[{"href":"https:\/\/www.cssr.news\/spanish\/wp-json\/wp\/v2\/types\/post"}],"author":[{"embeddable":true,"href":"https:\/\/www.cssr.news\/spanish\/wp-json\/wp\/v2\/users\/3"}],"replies":[{"embeddable":true,"href":"https:\/\/www.cssr.news\/spanish\/wp-json\/wp\/v2\/comments?post=31372"}],"version-history":[{"count":1,"href":"https:\/\/www.cssr.news\/spanish\/wp-json\/wp\/v2\/posts\/31372\/revisions"}],"predecessor-version":[{"id":31374,"href":"https:\/\/www.cssr.news\/spanish\/wp-json\/wp\/v2\/posts\/31372\/revisions\/31374"}],"wp:featuredmedia":[{"embeddable":true,"href":"https:\/\/www.cssr.news\/spanish\/wp-json\/wp\/v2\/media\/31373"}],"wp:attachment":[{"href":"https:\/\/www.cssr.news\/spanish\/wp-json\/wp\/v2\/media?parent=31372"}],"wp:term":[{"taxonomy":"category","embeddable":true,"href":"https:\/\/www.cssr.news\/spanish\/wp-json\/wp\/v2\/categories?post=31372"},{"taxonomy":"post_tag","embeddable":true,"href":"https:\/\/www.cssr.news\/spanish\/wp-json\/wp\/v2\/tags?post=31372"}],"curies":[{"name":"wp","href":"https:\/\/api.w.org\/{rel}","templated":true}]}}