{"id":31376,"date":"2026-05-19T19:23:19","date_gmt":"2026-05-19T17:23:19","guid":{"rendered":"https:\/\/www.cssr.news\/spanish\/?p=31376"},"modified":"2026-05-19T19:24:49","modified_gmt":"2026-05-19T17:24:49","slug":"filipinas-la-iglesia-de-san-clemente-celebra-80-anos-de-novena-perpetua","status":"publish","type":"post","link":"https:\/\/www.cssr.news\/spanish\/2026\/05\/filipinas-la-iglesia-de-san-clemente-celebra-80-anos-de-novena-perpetua\/","title":{"rendered":"Filipinas: La iglesia de San Clemente celebra 80 a\u00f1os de Novena Perpetua"},"content":{"rendered":"\n<p>La Iglesia de San Clemente en la ciudad de Iloilo conmemor\u00f3 un momento significativo en su historia al celebrar el 80.\u00ba aniversario de la Novena Perpetua a Nuestra Madre del Perpetuo Socorro en Asia con una Misa de Acci\u00f3n de Gracias el mi\u00e9rcoles 13 de mayo de 2026.<\/p>\n\n\n\n<p>La Misa de Acci\u00f3n de Gracias fue oficiada por el Padre Julius Martin Malacas, C.Ss.R., Rector de la Iglesia de San Clemente. Devotos, feligreses y miembros de la comunidad redentorista se reunieron en oraci\u00f3n y acci\u00f3n de gracias por 80 a\u00f1os de devoci\u00f3n, labor misionera y fe que han impactado tantas vidas a lo largo de los a\u00f1os. Despu\u00e9s de la Misa, la celebraci\u00f3n continu\u00f3 con el Concierto Jubilar de OAK en el patio de la iglesia. La velada se convirti\u00f3 en una reuni\u00f3n sencilla pero alegre donde la m\u00fasica y la fe se unieron, llenando el lugar de gratitud y esperanza.<\/p>\n\n\n\n<figure class=\"wp-block-gallery columns-3 is-cropped\"><ul class=\"blocks-gallery-grid\"><li class=\"blocks-gallery-item\"><figure><a href=\"http:\/\/www.cssr.news\/wp-content\/uploads\/2026\/05\/FB_IMG_1779162393695.jpg\"><img src=\"http:\/\/www.cssr.news\/wp-content\/uploads\/2026\/05\/FB_IMG_1779162393695-1024x576.jpg\" alt=\"\" data-id=\"41747\" data-full-url=\"http:\/\/www.cssr.news\/wp-content\/uploads\/2026\/05\/FB_IMG_1779162393695.jpg\" data-link=\"https:\/\/www.cssr.news\/?attachment_id=41747\" class=\"wp-image-41747\"\/><\/a><\/figure><\/li><li class=\"blocks-gallery-item\"><figure><a href=\"http:\/\/www.cssr.news\/wp-content\/uploads\/2026\/05\/FB_IMG_1779162388564.jpg\"><img src=\"http:\/\/www.cssr.news\/wp-content\/uploads\/2026\/05\/FB_IMG_1779162388564-1024x576.jpg\" alt=\"\" data-id=\"41750\" data-full-url=\"http:\/\/www.cssr.news\/wp-content\/uploads\/2026\/05\/FB_IMG_1779162388564.jpg\" data-link=\"https:\/\/www.cssr.news\/?attachment_id=41750\" class=\"wp-image-41750\"\/><\/a><\/figure><\/li><li class=\"blocks-gallery-item\"><figure><a href=\"http:\/\/www.cssr.news\/wp-content\/uploads\/2026\/05\/FB_IMG_1779161846328.jpg\"><img src=\"http:\/\/www.cssr.news\/wp-content\/uploads\/2026\/05\/FB_IMG_1779161846328.jpg\" alt=\"\" data-id=\"41746\" data-full-url=\"http:\/\/www.cssr.news\/wp-content\/uploads\/2026\/05\/FB_IMG_1779161846328.jpg\" data-link=\"https:\/\/www.cssr.news\/?attachment_id=41746\" class=\"wp-image-41746\"\/><\/a><\/figure><\/li><\/ul><\/figure>\n\n\n\n<p>El padre Eric Sevencruz, C.Ss.R., describi\u00f3 el concierto como un &#8220;concierto de lluvia&#8221;. Explic\u00f3 que era una plegaria por la lluvia durante la estaci\u00f3n seca y tambi\u00e9n una oraci\u00f3n para que las bendiciones, la esperanza y la gracia descendieran suavemente sobre todos los asistentes. El concierto gratuito cont\u00f3 con las actuaciones del cantante Jed Madela, el grupo VIVAT y miembros de la comunidad redentorista. Las presentaciones se ofrecieron como un homenaje a todos los devotos y simpatizantes que se han mantenido fieles a la misi\u00f3n de los Redentoristas a lo largo de los a\u00f1os.<\/p>\n\n\n\n<p>Jed Madela tambi\u00e9n particip\u00f3 en la catequesis infantil por la tarde, compartiendo con los peque\u00f1os participantes un encuentro sencillo pero significativo de fe y aprendizaje. El evento tambi\u00e9n contribuy\u00f3 a recaudar fondos para la restauraci\u00f3n del carill\u00f3n de la iglesia, que alberga 13 campanas de diferentes tonos que se tocan manualmente. Los responsables de la iglesia esperan que, una vez restaurado, vuelva a ser un lugar donde el sonido de las campanas eleve las oraciones y d\u00e9 la bienvenida a los peregrinos.<\/p>\n\n\n\n<figure class=\"wp-block-gallery columns-3 is-cropped\"><ul class=\"blocks-gallery-grid\"><li class=\"blocks-gallery-item\"><figure><a href=\"http:\/\/www.cssr.news\/wp-content\/uploads\/2026\/05\/FB_IMG_1779161886113.jpg\"><img src=\"http:\/\/www.cssr.news\/wp-content\/uploads\/2026\/05\/FB_IMG_1779161886113.jpg\" alt=\"\" data-id=\"41749\" data-full-url=\"http:\/\/www.cssr.news\/wp-content\/uploads\/2026\/05\/FB_IMG_1779161886113.jpg\" data-link=\"https:\/\/www.cssr.news\/?attachment_id=41749\" class=\"wp-image-41749\"\/><\/a><\/figure><\/li><li class=\"blocks-gallery-item\"><figure><a href=\"http:\/\/www.cssr.news\/wp-content\/uploads\/2026\/05\/FB_IMG_1779162058677.jpg\"><img src=\"http:\/\/www.cssr.news\/wp-content\/uploads\/2026\/05\/FB_IMG_1779162058677-1024x684.jpg\" alt=\"\" data-id=\"41748\" data-full-url=\"http:\/\/www.cssr.news\/wp-content\/uploads\/2026\/05\/FB_IMG_1779162058677.jpg\" data-link=\"https:\/\/www.cssr.news\/?attachment_id=41748\" class=\"wp-image-41748\"\/><\/a><\/figure><\/li><li class=\"blocks-gallery-item\"><figure><a href=\"http:\/\/www.cssr.news\/wp-content\/uploads\/2026\/05\/FB_IMG_1779161875496.jpg\"><img src=\"http:\/\/www.cssr.news\/wp-content\/uploads\/2026\/05\/FB_IMG_1779161875496-1024x683.jpg\" alt=\"\" data-id=\"41745\" data-full-url=\"http:\/\/www.cssr.news\/wp-content\/uploads\/2026\/05\/FB_IMG_1779161875496.jpg\" data-link=\"https:\/\/www.cssr.news\/?attachment_id=41745\" class=\"wp-image-41745\"\/><\/a><\/figure><\/li><li class=\"blocks-gallery-item\"><figure><a href=\"http:\/\/www.cssr.news\/wp-content\/uploads\/2026\/05\/FB_IMG_1779162113962.jpg\"><img src=\"http:\/\/www.cssr.news\/wp-content\/uploads\/2026\/05\/FB_IMG_1779162113962-1024x683.jpg\" alt=\"\" data-id=\"41744\" data-full-url=\"http:\/\/www.cssr.news\/wp-content\/uploads\/2026\/05\/FB_IMG_1779162113962.jpg\" data-link=\"https:\/\/www.cssr.news\/?attachment_id=41744\" class=\"wp-image-41744\"\/><\/a><\/figure><\/li><li class=\"blocks-gallery-item\"><figure><a href=\"http:\/\/www.cssr.news\/wp-content\/uploads\/2026\/05\/FB_IMG_1779162070026.jpg\"><img src=\"http:\/\/www.cssr.news\/wp-content\/uploads\/2026\/05\/FB_IMG_1779162070026-1024x683.jpg\" alt=\"\" data-id=\"41743\" data-full-url=\"http:\/\/www.cssr.news\/wp-content\/uploads\/2026\/05\/FB_IMG_1779162070026.jpg\" data-link=\"https:\/\/www.cssr.news\/?attachment_id=41743\" class=\"wp-image-41743\"\/><\/a><\/figure><\/li><li class=\"blocks-gallery-item\"><figure><a href=\"http:\/\/www.cssr.news\/wp-content\/uploads\/2026\/05\/Screenshot_20260519-114956.jpg\"><img src=\"http:\/\/www.cssr.news\/wp-content\/uploads\/2026\/05\/Screenshot_20260519-114956.jpg\" alt=\"\" data-id=\"41742\" data-full-url=\"http:\/\/www.cssr.news\/wp-content\/uploads\/2026\/05\/Screenshot_20260519-114956.jpg\" data-link=\"https:\/\/www.cssr.news\/?attachment_id=41742\" class=\"wp-image-41742\"\/><\/a><\/figure><\/li><\/ul><\/figure>\n\n\n\n<p>Esta devoci\u00f3n tiene sus or\u00edgenes el 13 de mayo de 1946 en la ciudad de Iloilo, cuando menos de 100 personas se reunieron para la primera Novena Perpetua. Fue iniciada por sacerdotes redentoristas irlandeses despu\u00e9s de la Segunda Guerra Mundial. Con el tiempo, esta reuni\u00f3n de oraci\u00f3n se ha extendido a muchos lugares, incluyendo Ceb\u00fa, Lipa y Baclaran, y se ha convertido en una de las devociones cat\u00f3licas m\u00e1s apreciadas del pa\u00eds.<\/p>\n\n\n\n<p>Hoy, esta devoci\u00f3n permanece viva y fuerte en la Iglesia de San Clemente. Contin\u00faa siendo un lugar de oraci\u00f3n, esperanza y servicio silencioso para los fieles.<\/p>\n\n\n\n<p>Con la continuaci\u00f3n del A\u00f1o Jubilar, se han planificado m\u00e1s actividades para junio. La Conferencia Internacional se llevar\u00e1 a cabo del 24 al 26 de junio. Reunir\u00e1 a l\u00edderes de la iglesia, devotos, peregrinos e invitados de diversos lugares para reflexionar sobre la devoci\u00f3n y su misi\u00f3n.<\/p>\n\n\n\n<p>El 28 de junio, la Carrera Jubilar OAK reunir\u00e1 a la comunidad en una carrera sencilla que promueve la salud, la unidad y el apoyo a los programas de la iglesia.<\/p>\n\n\n\n<p>Tambi\u00e9n se ofrecer\u00e1n programas de servicio comunitario durante junio. Estos servicios incluyen atenci\u00f3n m\u00e9dica y cl\u00ednica gratuita, asistencia legal, campa\u00f1as de donaci\u00f3n de sangre, cortes de cabello, masajes y servicios de peluquer\u00eda gratuitos, as\u00ed como catequesis y actividades para ni\u00f1os y j\u00f3venes. Estos esfuerzos buscan llegar especialmente a quienes m\u00e1s lo necesitan. Estos programas no son solo eventos, sino actos de cuidado y servicio.<\/p>\n\n\n\n<p>Mientras la Iglesia de San Clemente contin\u00faa la celebraci\u00f3n de su 80.\u00ba aniversario, la comunidad se aferra a un mensaje de fe sencillo pero profundo que ha perdurado. Es una fe basada en la oraci\u00f3n, el servicio y el amor, bajo la gu\u00eda de la Madre del Perpetuo Socorro.<\/p>\n\n\n\n<p>Lourie Jane Mantilla,<br>Misionera Laica, Equipo Misionero Redentorista de Visayas Occidental<\/p>\n\n\n\n<p>Cr\u00e9ditos fotogr\u00e1ficos: RAMM, Daily Guardian y Jed Madela<\/p>\n\n\n\n<p>(Fuente: redemptoristph.org)<\/p>\n","protected":false},"excerpt":{"rendered":"<p>La Iglesia de San Clemente en la ciudad de Iloilo conmemor\u00f3 un momento significativo en su historia al celebrar el 80.\u00ba aniversario de la Novena Perpetua a Nuestra Madre del Perpetuo Socorro en Asia con una Misa de Acci\u00f3n de Gracias el mi\u00e9rcoles 13 de mayo de 2026. La Misa de Acci\u00f3n de Gracias fue [&hellip;]<\/p>\n","protected":false},"author":3,"featured_media":31377,"comment_status":"closed","ping_status":"closed","sticky":false,"template":"","format":"standard","meta":[],"categories":[2],"tags":[],"_links":{"self":[{"href":"https:\/\/www.cssr.news\/spanish\/wp-json\/wp\/v2\/posts\/31376"}],"collection":[{"href":"https:\/\/www.cssr.news\/spanish\/wp-json\/wp\/v2\/posts"}],"about":[{"href":"https:\/\/www.cssr.news\/spanish\/wp-json\/wp\/v2\/types\/post"}],"author":[{"embeddable":true,"href":"https:\/\/www.cssr.news\/spanish\/wp-json\/wp\/v2\/users\/3"}],"replies":[{"embeddable":true,"href":"https:\/\/www.cssr.news\/spanish\/wp-json\/wp\/v2\/comments?post=31376"}],"version-history":[{"count":2,"href":"https:\/\/www.cssr.news\/spanish\/wp-json\/wp\/v2\/posts\/31376\/revisions"}],"predecessor-version":[{"id":31379,"href":"https:\/\/www.cssr.news\/spanish\/wp-json\/wp\/v2\/posts\/31376\/revisions\/31379"}],"wp:featuredmedia":[{"embeddable":true,"href":"https:\/\/www.cssr.news\/spanish\/wp-json\/wp\/v2\/media\/31377"}],"wp:attachment":[{"href":"https:\/\/www.cssr.news\/spanish\/wp-json\/wp\/v2\/media?parent=31376"}],"wp:term":[{"taxonomy":"category","embeddable":true,"href":"https:\/\/www.cssr.news\/spanish\/wp-json\/wp\/v2\/categories?post=31376"},{"taxonomy":"post_tag","embeddable":true,"href":"https:\/\/www.cssr.news\/spanish\/wp-json\/wp\/v2\/tags?post=31376"}],"curies":[{"name":"wp","href":"https:\/\/api.w.org\/{rel}","templated":true}]}}