{"id":31915,"date":"2026-06-25T19:30:00","date_gmt":"2026-06-25T17:30:00","guid":{"rendered":"https:\/\/www.cssr.news\/spanish\/?p=31915"},"modified":"2026-06-25T20:39:26","modified_gmt":"2026-06-25T18:39:26","slug":"congreso-apostolico-de-vilna-una-celebracion-de-gracia-y-misericordia","status":"publish","type":"post","link":"https:\/\/www.cssr.news\/spanish\/2026\/06\/congreso-apostolico-de-vilna-una-celebracion-de-gracia-y-misericordia\/","title":{"rendered":"Congreso Apost\u00f3lico de Vilna: Una celebraci\u00f3n de gracia y misericordia"},"content":{"rendered":"\n<p><em><strong>Desde la direcci\u00f3n de celebraciones hasta la confesi\u00f3n, los Redentoristas llevaron su carisma de misericordia al coraz\u00f3n del congreso.<\/strong><\/em><\/p>\n\n\n\n<p><strong>El Sexto Congreso Apost\u00f3lico Mundial de la Divina Misericordia se celebr\u00f3 en Vilna del 7 al 12 de junio, bajo el lema \u00abConstruimos una Ciudad de Misericordia\u00bb. El tema no solo alude a la labor y el compromiso de la Iglesia local, sino tambi\u00e9n a la propia Vilna, con su icono de la Madre de la Misericordia, la imagen de Jes\u00fas Misericordioso y su dram\u00e1tica historia (guerras, el Holocausto).<\/strong><\/p>\n\n\n\n<p>El evento fue organizado por el Vaticano y la Iglesia local de la Archidi\u00f3cesis de Vilna. Tuvo lugar durante la visita apost\u00f3lica del Papa Le\u00f3n XIV a Espa\u00f1a. Los Redentoristas que trabajan en Kaunas y el Padre Michal Zamkovsk\u00fd de la Provincia de Bratislava-Praga participaron activamente en el congreso. A petici\u00f3n del Arzobispo de Vilna, los Redentoristas que prestan servicio en Lituania colaboraron activamente en la preparaci\u00f3n y coordinaci\u00f3n de varios eventos. En algunas partes del programa tambi\u00e9n estuvieron presentes el P. Franti\u0161ek Boldy, C.Ss.R., y el P. Jozef Nov\u00e1k, C.Ss.R., quienes prestan servicio en Fr\u00fddek, Rep\u00fablica Checa.<\/p>\n\n\n\n<figure class=\"wp-block-gallery columns-3 is-cropped\"><ul class=\"blocks-gallery-grid\"><li class=\"blocks-gallery-item\"><figure><a href=\"http:\/\/www.cssr.news\/wp-content\/uploads\/2026\/06\/image00059_scaled.jpg\"><img src=\"http:\/\/www.cssr.news\/wp-content\/uploads\/2026\/06\/image00059_scaled-1024x682.jpg\" alt=\"\" data-id=\"42493\" data-full-url=\"http:\/\/www.cssr.news\/wp-content\/uploads\/2026\/06\/image00059_scaled.jpg\" data-link=\"https:\/\/www.cssr.news\/?attachment_id=42493\" class=\"wp-image-42493\"\/><\/a><\/figure><\/li><li class=\"blocks-gallery-item\"><figure><a href=\"http:\/\/www.cssr.news\/wp-content\/uploads\/2026\/06\/image00035_scaled.jpg\"><img src=\"http:\/\/www.cssr.news\/wp-content\/uploads\/2026\/06\/image00035_scaled-1024x768.jpg\" alt=\"\" data-id=\"42481\" data-full-url=\"http:\/\/www.cssr.news\/wp-content\/uploads\/2026\/06\/image00035_scaled.jpg\" data-link=\"https:\/\/www.cssr.news\/?attachment_id=42481\" class=\"wp-image-42481\"\/><\/a><\/figure><\/li><li class=\"blocks-gallery-item\"><figure><a href=\"http:\/\/www.cssr.news\/wp-content\/uploads\/2026\/06\/image00021_scaled.jpg\"><img src=\"http:\/\/www.cssr.news\/wp-content\/uploads\/2026\/06\/image00021_scaled-1024x682.jpg\" alt=\"\" data-id=\"42478\" data-full-url=\"http:\/\/www.cssr.news\/wp-content\/uploads\/2026\/06\/image00021_scaled.jpg\" data-link=\"https:\/\/www.cssr.news\/?attachment_id=42478\" class=\"wp-image-42478\"\/><\/a><\/figure><\/li><li class=\"blocks-gallery-item\"><figure><a href=\"http:\/\/www.cssr.news\/wp-content\/uploads\/2026\/06\/image00018_scaled.jpg\"><img src=\"http:\/\/www.cssr.news\/wp-content\/uploads\/2026\/06\/image00018_scaled-1024x681.jpg\" alt=\"\" data-id=\"42477\" data-full-url=\"http:\/\/www.cssr.news\/wp-content\/uploads\/2026\/06\/image00018_scaled.jpg\" data-link=\"https:\/\/www.cssr.news\/?attachment_id=42477\" class=\"wp-image-42477\"\/><\/a><\/figure><\/li><li class=\"blocks-gallery-item\"><figure><a href=\"http:\/\/www.cssr.news\/wp-content\/uploads\/2026\/06\/image00036_scaled.jpg\"><img src=\"http:\/\/www.cssr.news\/wp-content\/uploads\/2026\/06\/image00036_scaled-682x1024.jpg\" alt=\"\" data-id=\"42482\" data-full-url=\"http:\/\/www.cssr.news\/wp-content\/uploads\/2026\/06\/image00036_scaled.jpg\" data-link=\"https:\/\/www.cssr.news\/?attachment_id=42482\" class=\"wp-image-42482\"\/><\/a><\/figure><\/li><li class=\"blocks-gallery-item\"><figure><a href=\"http:\/\/www.cssr.news\/wp-content\/uploads\/2026\/06\/image00016_scaled.jpg\"><img src=\"http:\/\/www.cssr.news\/wp-content\/uploads\/2026\/06\/image00016_scaled-1024x683.jpg\" alt=\"\" data-id=\"42476\" data-full-url=\"http:\/\/www.cssr.news\/wp-content\/uploads\/2026\/06\/image00016_scaled.jpg\" data-link=\"https:\/\/www.cssr.news\/?attachment_id=42476\" class=\"wp-image-42476\"\/><\/a><\/figure><\/li><\/ul><\/figure>\n\n\n\n<p>La parte principal del congreso tuvo lugar en la Colina del Salvador, en una amplia explanada situada a pocas decenas de metros de la capilla donde el pintor Eugeniusz Kazimirowski, bajo la gu\u00eda de Santa Faustina, pint\u00f3 la imagen de Jes\u00fas Misericordioso. Los Redentoristas tuvieron la gracia de orar en esta capilla, as\u00ed como en el Santuario de la Divina Misericordia, donde la imagen se exhibe para su continua veneraci\u00f3n y oraci\u00f3n.<\/p>\n\n\n\n<p>En la inauguraci\u00f3n del congreso, los participantes vieron un video con el c\u00e1lido saludo y la bendici\u00f3n del Papa para el encuentro. Adem\u00e1s del arzobispo local, Gintaras Gru\u0161as, asistieron al evento el proprefecto del Dicasterio para la Nueva Evangelizaci\u00f3n, arzobispo Rino Fisichella, y varios obispos de Lituania y otros pa\u00edses.<\/p>\n\n\n\n<figure class=\"wp-block-gallery columns-3 is-cropped\"><ul class=\"blocks-gallery-grid\"><li class=\"blocks-gallery-item\"><figure><a href=\"http:\/\/www.cssr.news\/wp-content\/uploads\/2026\/06\/image00054_scaled.jpg\"><img src=\"http:\/\/www.cssr.news\/wp-content\/uploads\/2026\/06\/image00054_scaled-1024x682.jpg\" alt=\"\" data-id=\"42490\" data-full-url=\"http:\/\/www.cssr.news\/wp-content\/uploads\/2026\/06\/image00054_scaled.jpg\" data-link=\"https:\/\/www.cssr.news\/?attachment_id=42490\" class=\"wp-image-42490\"\/><\/a><\/figure><\/li><li class=\"blocks-gallery-item\"><figure><a href=\"http:\/\/www.cssr.news\/wp-content\/uploads\/2026\/06\/image00057_scaled.jpg\"><img src=\"http:\/\/www.cssr.news\/wp-content\/uploads\/2026\/06\/image00057_scaled-1024x683.jpg\" alt=\"\" data-id=\"42492\" data-full-url=\"http:\/\/www.cssr.news\/wp-content\/uploads\/2026\/06\/image00057_scaled.jpg\" data-link=\"https:\/\/www.cssr.news\/?attachment_id=42492\" class=\"wp-image-42492\"\/><\/a><\/figure><\/li><li class=\"blocks-gallery-item\"><figure><a href=\"http:\/\/www.cssr.news\/wp-content\/uploads\/2026\/06\/image00049_scaled.jpg\"><img src=\"http:\/\/www.cssr.news\/wp-content\/uploads\/2026\/06\/image00049_scaled-1024x681.jpg\" alt=\"\" data-id=\"42489\" data-full-url=\"http:\/\/www.cssr.news\/wp-content\/uploads\/2026\/06\/image00049_scaled.jpg\" data-link=\"https:\/\/www.cssr.news\/?attachment_id=42489\" class=\"wp-image-42489\"\/><\/a><\/figure><\/li><li class=\"blocks-gallery-item\"><figure><a href=\"http:\/\/www.cssr.news\/wp-content\/uploads\/2026\/06\/image00045_scaled.jpg\"><img src=\"http:\/\/www.cssr.news\/wp-content\/uploads\/2026\/06\/image00045_scaled-1024x681.jpg\" alt=\"\" data-id=\"42488\" data-full-url=\"http:\/\/www.cssr.news\/wp-content\/uploads\/2026\/06\/image00045_scaled.jpg\" data-link=\"https:\/\/www.cssr.news\/?attachment_id=42488\" class=\"wp-image-42488\"\/><\/a><\/figure><\/li><li class=\"blocks-gallery-item\"><figure><a href=\"http:\/\/www.cssr.news\/wp-content\/uploads\/2026\/06\/image00044_scaled.jpg\"><img src=\"http:\/\/www.cssr.news\/wp-content\/uploads\/2026\/06\/image00044_scaled-1024x681.jpg\" alt=\"\" data-id=\"42487\" data-full-url=\"http:\/\/www.cssr.news\/wp-content\/uploads\/2026\/06\/image00044_scaled.jpg\" data-link=\"https:\/\/www.cssr.news\/?attachment_id=42487\" class=\"wp-image-42487\"\/><\/a><\/figure><\/li><li class=\"blocks-gallery-item\"><figure><a href=\"http:\/\/www.cssr.news\/wp-content\/uploads\/2026\/06\/image00037_scaled.jpg\"><img src=\"http:\/\/www.cssr.news\/wp-content\/uploads\/2026\/06\/image00037_scaled-1024x682.jpg\" alt=\"\" data-id=\"42483\" data-full-url=\"http:\/\/www.cssr.news\/wp-content\/uploads\/2026\/06\/image00037_scaled.jpg\" data-link=\"https:\/\/www.cssr.news\/?attachment_id=42483\" class=\"wp-image-42483\"\/><\/a><\/figure><\/li><\/ul><\/figure>\n\n\n\n<p>Entre los principales oradores se encontraba el arzobispo de Cracovia, el cardenal Grzegorz Ry\u015b, que fue el primero en dirigirse a los participantes. En su conferencia record\u00f3 varios episodios de la historia de la Iglesia en los que santos y pastores de la Iglesia manifestaron la misericordia y la compasi\u00f3n de Dios hacia los pobres y los que sufren, distribuyendo bienes materiales y recursos financieros a los necesitados, construyendo hospitales, orfanatos y otras instituciones. Tambi\u00e9n mencion\u00f3 abiertamente las declaraciones y actitudes de algunos santos y l\u00edderes de la Iglesia que, en determinadas situaciones hist\u00f3ricas, actuaron sin piedad: \u00abLa Iglesia ha mostrado muchas veces el rostro misericordioso de Dios, pero lamentablemente tambi\u00e9n ha sucedido que algunos de sus miembros han actuado \u201csin piedad\u201d\u00bb.<\/p>\n\n\n\n<p>La celebraci\u00f3n eucar\u00edstica con motivo de la memoria de san Bernab\u00e9 estuvo presidida por el nuncio apost\u00f3lico en los Estados b\u00e1lticos, el arzobispo Georg G\u00e4nswein. En su homil\u00eda habl\u00f3 de la misericordia como fe, misi\u00f3n y generosidad. A la luz de la vida de San Bernab\u00e9, record\u00f3 a los participantes que &#8220;no siempre son los m\u00e1s destacados y los m\u00e1s visibles los que cambian la historia del mundo&#8221;. Destac\u00f3 a Bernab\u00e9, el &#8220;Hijo del aliento&#8221;, como alguien que &#8220;trabaja entre bastidores y crea espacios para el crecimiento de los dem\u00e1s, como san Pablo y el evangelista Marcos. Bernab\u00e9 supo ver las semillas y los brotes de la acci\u00f3n de Dios y apoy\u00f3 su crecimiento&#8221;. Tambi\u00e9n cit\u00f3 a San Juan Cris\u00f3stomo, quien dijo que \u201cnos parecemos m\u00e1s a Dios cuando estamos dispuestos a levantar a las personas, a ayudarlas a levantarse y crecer\u201d.<\/p>\n\n\n\n<p>Otro orador fue el sacerdote de renombre internacional Padre James Mallon, creador del programa &#8220;Renovaci\u00f3n Divina&#8221;, quien habl\u00f3 sobre la renovaci\u00f3n de las parroquias y de toda la Iglesia. Esta renovaci\u00f3n surge cuando no somos indiferentes, cuando la compasi\u00f3n de Dios por los perdidos penetra en nuestro coraz\u00f3n y nos empuja a buscar a los que est\u00e1n lejos. La misma pregunta se repiti\u00f3 varias veces en su conferencia: \u00abMira dentro de tu coraz\u00f3n. Cuando ves a alguien que est\u00e1 perdido, \u00bfsientes dolor en el coraz\u00f3n o realmente no te importa en absoluto?<\/p>\n\n\n\n<p>El fundador de Alpha Course, Nicky Gumbel, habl\u00f3 conmovedoramente sobre ver a Jes\u00fas como un principio de renovaci\u00f3n y servicio. En su discurso subray\u00f3 que \u00abJes\u00fas atrajo a su Iglesia, a los ap\u00f3stoles y a cada uno de nosotros a su visi\u00f3n, a su oraci\u00f3n, a su compasi\u00f3n por las personas y a su ministerio\u00bb.<\/p>\n\n\n\n<p>Tetiana Stawnychy, presidenta de C\u00e1ritas Ucrania, habl\u00f3 sobre el misterio del encuentro: cuando nos entregamos unos a otros en solidaridad, renovamos nuestra humanidad, la imagen de Dios en nosotros y la comuni\u00f3n que fue destruida por la guerra.<\/p>\n\n\n\n<p>Al concluir el congreso, en la solemnidad del Sagrado Coraz\u00f3n de Jes\u00fas, la Eucarist\u00eda estuvo presidida por el arzobispo Rino Fisichella, viceprefecto del Dicasterio para la Nueva Evangelizaci\u00f3n. En su homil\u00eda destac\u00f3 la similitud entre las visiones recibidas por Juli\u00e1n de Norwich en 1373 y las de Santa Faustina. A ambos j\u00f3venes m\u00edsticos, Dios les revel\u00f3 y les record\u00f3 su inmensa e infinita bondad y ternura hacia cada ser humano. Mons. Fisichella record\u00f3 a los participantes que la fragilidad y las limitaciones humanas son caracter\u00edsticas de nuestra naturaleza humana terrena: \u00abS\u00f3lo nuestra experiencia personal de la misericordia, la compasi\u00f3n y la bondad de Dios hacia nosotros es fuente de misericordia hacia los dem\u00e1s\u00bb. El arzobispo record\u00f3 que &#8220;el cristianismo no se basa en el amor del hombre a Dios, sino sobre todo en el amor de Dios al hombre&#8221;. Advirti\u00f3 que &#8220;cuando los creyentes no tienen en cuenta la fragilidad de la naturaleza humana, comienzan a aparecer tendencias hacia el fundamentalismo, el formalismo y el rigorismo&#8221;. Cit\u00f3 las palabras de Jes\u00fas a Faustina en 1937: \u00abHoy mi coraz\u00f3n ha encontrado descanso en este convento. Cu\u00e9ntale al mundo mi misericordia y mi amor. Las llamas de la misericordia arden dentro de M\u00ed. Deseo derramarlos sobre las almas humanas.&#8221;<\/p>\n\n\n\n<figure class=\"wp-block-gallery columns-3 is-cropped\"><ul class=\"blocks-gallery-grid\"><li class=\"blocks-gallery-item\"><figure><a href=\"http:\/\/www.cssr.news\/wp-content\/uploads\/2026\/06\/image00027_scaled.jpg\"><img src=\"http:\/\/www.cssr.news\/wp-content\/uploads\/2026\/06\/image00027_scaled-1024x682.jpg\" alt=\"\" data-id=\"42480\" data-full-url=\"http:\/\/www.cssr.news\/wp-content\/uploads\/2026\/06\/image00027_scaled.jpg\" data-link=\"https:\/\/www.cssr.news\/?attachment_id=42480\" class=\"wp-image-42480\"\/><\/a><\/figure><\/li><li class=\"blocks-gallery-item\"><figure><a href=\"http:\/\/www.cssr.news\/wp-content\/uploads\/2026\/06\/image00026_scaled.jpg\"><img src=\"http:\/\/www.cssr.news\/wp-content\/uploads\/2026\/06\/image00026_scaled-1024x682.jpg\" alt=\"\" data-id=\"42479\" data-full-url=\"http:\/\/www.cssr.news\/wp-content\/uploads\/2026\/06\/image00026_scaled.jpg\" data-link=\"https:\/\/www.cssr.news\/?attachment_id=42479\" class=\"wp-image-42479\"\/><\/a><\/figure><\/li><li class=\"blocks-gallery-item\"><figure><a href=\"http:\/\/www.cssr.news\/wp-content\/uploads\/2026\/06\/image00021_scaled.jpg\"><img src=\"http:\/\/www.cssr.news\/wp-content\/uploads\/2026\/06\/image00021_scaled-1024x682.jpg\" alt=\"\" data-id=\"42478\" data-full-url=\"http:\/\/www.cssr.news\/wp-content\/uploads\/2026\/06\/image00021_scaled.jpg\" data-link=\"https:\/\/www.cssr.news\/?attachment_id=42478\" class=\"wp-image-42478\"\/><\/a><\/figure><\/li><li class=\"blocks-gallery-item\"><figure><a href=\"http:\/\/www.cssr.news\/wp-content\/uploads\/2026\/06\/image00008_scaled.jpg\"><img src=\"http:\/\/www.cssr.news\/wp-content\/uploads\/2026\/06\/image00008_scaled-1024x683.jpg\" alt=\"\" data-id=\"42475\" data-full-url=\"http:\/\/www.cssr.news\/wp-content\/uploads\/2026\/06\/image00008_scaled.jpg\" data-link=\"https:\/\/www.cssr.news\/?attachment_id=42475\" class=\"wp-image-42475\"\/><\/a><\/figure><\/li><li class=\"blocks-gallery-item\"><figure><a href=\"http:\/\/www.cssr.news\/wp-content\/uploads\/2026\/06\/image00001_scaled.jpg\"><img src=\"http:\/\/www.cssr.news\/wp-content\/uploads\/2026\/06\/image00001_scaled-1024x768.jpg\" alt=\"\" data-id=\"42473\" data-full-url=\"http:\/\/www.cssr.news\/wp-content\/uploads\/2026\/06\/image00001_scaled.jpg\" data-link=\"https:\/\/www.cssr.news\/?attachment_id=42473\" class=\"wp-image-42473\"\/><\/a><\/figure><\/li><li class=\"blocks-gallery-item\"><figure><a href=\"http:\/\/www.cssr.news\/wp-content\/uploads\/2026\/06\/image00005_scaled.jpg\"><img src=\"http:\/\/www.cssr.news\/wp-content\/uploads\/2026\/06\/image00005_scaled-768x1024.jpg\" alt=\"\" data-id=\"42474\" data-full-url=\"http:\/\/www.cssr.news\/wp-content\/uploads\/2026\/06\/image00005_scaled.jpg\" data-link=\"https:\/\/www.cssr.news\/?attachment_id=42474\" class=\"wp-image-42474\"\/><\/a><\/figure><\/li><\/ul><\/figure>\n\n\n\n<p>Durante el programa principal, que se desarroll\u00f3 de lunes a viernes, numerosos oradores intervinieron en el escenario principal, mientras que diversos grupos dirigieron las oraciones matutinas de alabanza; entre ellos, el mi\u00e9rcoles por la ma\u00f1ana, los Redentoristas y laicos de Kaunas.<\/p>\n\n\n\n<p>Todas las oraciones y discursos principales de la conferencia est\u00e1n disponibles en ingl\u00e9s gracias a las grabaciones. Por la tarde, se llevaron a cabo diversas actividades, debates, conciertos, seminarios y talleres en todo Vilna. El martes por la tarde, los Redentoristas de Kaunas, dirigidos por el Padre Michal Zamkovsk\u00fd, impartieron un taller sobre el ministerio de los Misioneros de la Misericordia.<\/p>\n\n\n\n<p>Los Redentoristas de Kaunas fueron responsables de coordinar la labor de los Misioneros de la Misericordia de diversas partes del mundo. Durante la conferencia, confesaron en varios idiomas en la catedral, tanto por la ma\u00f1ana como por la tarde. Tambi\u00e9n participaron al inicio del congreso el lunes por la noche, durante la Liturgia de la Reconciliaci\u00f3n presidida por los Redentoristas eslovacos. Asimismo, el mi\u00e9rcoles por la noche, se celebraron confesiones en la catedral durante una liturgia de dos horas dedicada a la adoraci\u00f3n, la Palabra, la alabanza y los testimonios, dirigida por los Redentoristas en colaboraci\u00f3n con laicos de las comunidades \u00ab\u00c1rbol de la Vida\u00bb y \u00abFuente de la Misericordia\u00bb de Kaunas. El mi\u00e9rcoles por la ma\u00f1ana, los Redentoristas, junto con sus colaboradores de la misi\u00f3n de Kaunas, dirigieron la oraci\u00f3n de adoraci\u00f3n para los participantes del congreso.<\/p>\n\n\n\n<p>Al concluir el congreso, el Arzobispo de Vilna anunci\u00f3 a los fieles que la Iglesia del Sagrado Coraz\u00f3n de Jes\u00fas en el Cerro del Salvador se convertir\u00e1 en Santuario de la Divina Misericordia. El Arzobispo Fisichella inform\u00f3 a todos que el pr\u00f3ximo Congreso de la Divina Misericordia se celebrar\u00e1 en Brasil.<\/p>\n\n\n\n<p>Todas las conferencias principales, oraciones y celebraciones eucar\u00edsticas, preparadas por la cadena de televisi\u00f3n cat\u00f3lica estadounidense EWTN, pueden seguirse en ingl\u00e9s a trav\u00e9s de las grabaciones disponibles en los enlaces que aparecen a continuaci\u00f3n.<\/p>\n\n\n\n<p>P. Rastislav Dluh\u00fd, C.Ss.R.<\/p>\n\n\n\n<p>Fotos:<br>(C) Rastislav Dluh\u00fd, C.Ss.R.<br>(C) Donatas Pranckevi\u010dius<\/p>\n\n\n\n<p>sito web oficial del congreso:&nbsp;<a href=\"https:\/\/wacomvilnius.org\/\">https:\/\/wacomvilnius.org\/<\/a><\/p>\n","protected":false},"excerpt":{"rendered":"<p>Desde la direcci\u00f3n de celebraciones hasta la confesi\u00f3n, los Redentoristas llevaron su carisma de misericordia al coraz\u00f3n del congreso. El Sexto Congreso Apost\u00f3lico Mundial de la Divina Misericordia se celebr\u00f3 en Vilna del 7 al 12 de junio, bajo el lema \u00abConstruimos una Ciudad de Misericordia\u00bb. El tema no solo alude a la labor y [&hellip;]<\/p>\n","protected":false},"author":3,"featured_media":31916,"comment_status":"closed","ping_status":"closed","sticky":false,"template":"","format":"standard","meta":[],"categories":[2],"tags":[],"_links":{"self":[{"href":"https:\/\/www.cssr.news\/spanish\/wp-json\/wp\/v2\/posts\/31915"}],"collection":[{"href":"https:\/\/www.cssr.news\/spanish\/wp-json\/wp\/v2\/posts"}],"about":[{"href":"https:\/\/www.cssr.news\/spanish\/wp-json\/wp\/v2\/types\/post"}],"author":[{"embeddable":true,"href":"https:\/\/www.cssr.news\/spanish\/wp-json\/wp\/v2\/users\/3"}],"replies":[{"embeddable":true,"href":"https:\/\/www.cssr.news\/spanish\/wp-json\/wp\/v2\/comments?post=31915"}],"version-history":[{"count":2,"href":"https:\/\/www.cssr.news\/spanish\/wp-json\/wp\/v2\/posts\/31915\/revisions"}],"predecessor-version":[{"id":31919,"href":"https:\/\/www.cssr.news\/spanish\/wp-json\/wp\/v2\/posts\/31915\/revisions\/31919"}],"wp:featuredmedia":[{"embeddable":true,"href":"https:\/\/www.cssr.news\/spanish\/wp-json\/wp\/v2\/media\/31916"}],"wp:attachment":[{"href":"https:\/\/www.cssr.news\/spanish\/wp-json\/wp\/v2\/media?parent=31915"}],"wp:term":[{"taxonomy":"category","embeddable":true,"href":"https:\/\/www.cssr.news\/spanish\/wp-json\/wp\/v2\/categories?post=31915"},{"taxonomy":"post_tag","embeddable":true,"href":"https:\/\/www.cssr.news\/spanish\/wp-json\/wp\/v2\/tags?post=31915"}],"curies":[{"name":"wp","href":"https:\/\/api.w.org\/{rel}","templated":true}]}}