{"id":32123,"date":"2026-08-01T17:08:00","date_gmt":"2026-08-01T15:08:00","guid":{"rendered":"https:\/\/www.cssr.news\/spanish\/?p=32123"},"modified":"2026-07-29T11:55:14","modified_gmt":"2026-07-29T09:55:14","slug":"fiesta-de-san-alfonso-peregrino-de-esperanza-y-testigo-de-la-abundante-redencion","status":"publish","type":"post","link":"https:\/\/www.cssr.news\/spanish\/2026\/08\/fiesta-de-san-alfonso-peregrino-de-esperanza-y-testigo-de-la-abundante-redencion\/","title":{"rendered":"Fiesta de San Alfonso: peregrino de esperanza y testigo de la Abundante Redenci\u00f3n"},"content":{"rendered":"\n<h2><strong>Fiesta de San Alfonso Mar\u00eda de Ligorio: San Alfonso, peregrino de esperanza y testigo de la Abundante Redenci\u00f3n<\/strong><\/h2>\n\n\n\n<p><em>\u00abEl Esp\u00edritu del Se\u00f1or est\u00e1 sobre m\u00ed, porque me ha ungido para anunciar la Buena Nueva a los pobres.\u00bb (Lc 4,18)<\/em><\/p>\n\n\n\n<p>Hoy la Iglesia se llena de alegr\u00eda para celebrar a <strong>San Alfonso Mar\u00eda de Ligorio<\/strong>, un hombre que dej\u00f3 que el Evangelio transformara completamente su vida. No recordamos solamente a un gran santo del pasado; celebramos a un disc\u00edpulo que sigue mostr\u00e1ndonos el camino para vivir el Evangelio en nuestro tiempo.<\/p>\n\n\n\n<p>Al contemplar su vida, descubrimos que San Alfonso no busc\u00f3 hacer cosas extraordinarias. Lo extraordinario fue la profundidad con la que crey\u00f3 en el amor de Dios. Estaba convencido de que nadie est\u00e1 tan lejos que no pueda ser alcanzado por la misericordia del Redentor. Esa certeza dio sentido a toda su existencia.<\/p>\n\n\n\n<p>Por eso dej\u00f3 atr\u00e1s una carrera prometedora, acept\u00f3 las incomprensiones, abraz\u00f3 las dificultades y gast\u00f3 todas sus energ\u00edas anunciando una sola noticia: <strong>Dios ama a cada persona con un amor que nunca se cansa.<\/strong><\/p>\n\n\n\n<p>Ese fue el coraz\u00f3n de su espiritualidad.<\/p>\n\n\n\n<p>A veces pensamos que la santidad consiste en hacer muchas obras. San Alfonso nos ense\u00f1a algo diferente. La santidad consiste en dejar que el amor de Dios ocupe el centro de nuestra vida. Cuando ese amor transforma el coraz\u00f3n, todo cambia: la manera de mirar, de hablar, de perdonar, de servir y de caminar junto a los dem\u00e1s.<\/p>\n\n\n\n<p>\u00c9l comprendi\u00f3 que la misi\u00f3n nace siempre de un encuentro. Nadie anuncia con alegr\u00eda a Jesucristo si antes no ha experimentado la alegr\u00eda de sentirse buscado, perdonado y amado por \u00c9l.<\/p>\n\n\n\n<p>Por eso dedic\u00f3 su vida a quienes casi nadie buscaba.<\/p>\n\n\n\n<p>Los campesinos olvidados, los pastores de las monta\u00f1as, las personas sencillas, los pobres, los enfermos, quienes cargaban con el peso de la culpa y pensaban que Dios los hab\u00eda abandonado&#8230; Todos encontraron en San Alfonso un hermano que los acercaba nuevamente al coraz\u00f3n del Padre.<\/p>\n\n\n\n<p>Todav\u00eda hoy existen muchos abandonados.<\/p>\n\n\n\n<p>No siempre son pobres de bienes materiales. Tambi\u00e9n hay quienes viven abandonados por la indiferencia, por la soledad, por la violencia, por el miedo, por la falta de sentido. Hay j\u00f3venes que buscan un horizonte, familias heridas por la divisi\u00f3n, ancianos que esperan una visita, personas que sienten que ya nadie cree en ellas.<\/p>\n\n\n\n<p>El carisma redentorista sigue siendo una respuesta para nuestro tiempo. All\u00ed donde una persona pierde la esperanza, all\u00ed comienza la misi\u00f3n.<\/p>\n\n\n\n<p>El Jubileo nos recuerda que somos <strong>Peregrinos de Esperanza<\/strong>. No caminamos llevando nuestras propias seguridades; caminamos siguiendo al Redentor, convencidos de que la esperanza cristiana no decepciona porque tiene su fundamento en el amor de Dios.<\/p>\n\n\n\n<p>San Alfonso fue un verdadero peregrino de esperanza. Nunca dej\u00f3 de confiar, ni siquiera cuando la enfermedad debilit\u00f3 su cuerpo, cuando las incomprensiones oscurecieron sus \u00faltimos a\u00f1os o cuando experiment\u00f3 el dolor de verse separado de la Congregaci\u00f3n que tanto amaba. Su esperanza no depend\u00eda del \u00e9xito de sus proyectos, sino de la fidelidad de Dios.<\/p>\n\n\n\n<p>Esa es una ense\u00f1anza muy necesaria para nosotros.<\/p>\n\n\n\n<p>Vivimos tiempos de incertidumbre. Muchas veces sentimos que el mal hace demasiado ruido y que el bien avanza lentamente. Podemos caer en el desaliento o pensar que nuestros peque\u00f1os esfuerzos no cambian nada.<\/p>\n\n\n\n<p>Sin embargo, el Evangelio nos recuerda que el Reino de Dios crece como una semilla escondida. La esperanza no hace desaparecer inmediatamente los problemas, pero nos da la certeza de que Dios sigue actuando silenciosamente en la historia.<\/p>\n\n\n\n<p>La contemplaci\u00f3n nos ense\u00f1a a descubrir la presencia de Dios all\u00ed donde el mundo solo percibe oscuridad. San Alfonso vivi\u00f3 precisamente as\u00ed. Su oraci\u00f3n alimentaba su misi\u00f3n, y su misi\u00f3n lo llevaba nuevamente a la oraci\u00f3n. Nunca separ\u00f3 la contemplaci\u00f3n del compromiso, porque sab\u00eda que quien permanece unido a Cristo termina pareci\u00e9ndose a \u00c9l.<\/p>\n\n\n\n<p>Tambi\u00e9n el papa Francisco nos recuerda que la alegr\u00eda del Evangelio siempre nos impulsa a salir al encuentro de los dem\u00e1s. Una Iglesia encerrada en s\u00ed misma pierde el aliento del Esp\u00edritu. En cambio, una Iglesia que sale con humildad, especialmente hacia los m\u00e1s pobres y abandonados, hace visible el rostro misericordioso del Redentor.<\/p>\n\n\n\n<p>Ese fue el sue\u00f1o de San Alfonso.<\/p>\n\n\n\n<p>No fund\u00f3 una Congregaci\u00f3n para buscar prestigio. La fund\u00f3 para que nadie quedara sin escuchar que Dios lo ama.<\/p>\n\n\n\n<p>Hoy ese sue\u00f1o contin\u00faa en nosotros.<\/p>\n\n\n\n<p>Cada bautizado est\u00e1 llamado a ser misionero de esperanza. No hace falta recorrer grandes distancias. La misi\u00f3n comienza en nuestra familia, en nuestro trabajo, en la comunidad, en la persona que necesita una palabra de aliento, una escucha paciente o un gesto de cercan\u00eda.<\/p>\n\n\n\n<p>La mejor manera de honrar a San Alfonso no es solamente admirar su vida, sino dejarnos contagiar por su pasi\u00f3n por el Evangelio.<\/p>\n\n\n\n<p>Que nuestra presencia haga m\u00e1s f\u00e1cil creer en Dios.<\/p>\n\n\n\n<p>Que nuestras comunidades sean lugares donde todos encuentren acogida.<\/p>\n\n\n\n<p>Que nuestras palabras transmitan misericordia antes que condena.<\/p>\n\n\n\n<p>Que nuestras manos est\u00e9n siempre abiertas para servir.<\/p>\n\n\n\n<p>Que nuestro coraz\u00f3n nunca deje de buscar a quienes se sienten olvidados.<\/p>\n\n\n\n<p>Entonces la espiritualidad redentorista seguir\u00e1 viva, porque continuar\u00e1 revelando al mundo la <strong>Abundante Redenci\u00f3n<\/strong> que Cristo ofrece a todos.<\/p>\n\n\n\n<p>Al concluir este triduo, demos gracias por el testimonio de San Alfonso. Pid\u00e1mosle que nos ense\u00f1e a amar a Jesucristo con todo el coraz\u00f3n y a hacer de nuestra vida una misi\u00f3n permanente.<\/p>\n\n\n\n<p>Porque quien ha encontrado al Redentor ya no puede guardar esa alegr\u00eda para s\u00ed mismo.<\/p>\n\n\n\n<p><strong>Momento de silencio: <\/strong>Agradezcamos al Se\u00f1or la vida de San Alfonso.Pregunt\u00e9monos en lo profundo del coraz\u00f3n:<strong> \u00bfD\u00f3nde me invita hoy el Redentor a ser un peregrino de esperanza? \u00bfQui\u00e9n espera de m\u00ed un gesto que haga visible el amor de Dios?<\/strong><\/p>\n\n\n\n<p><strong>Oraci\u00f3n<\/strong><\/p>\n\n\n\n<p>Se\u00f1or Jesucristo,<br>Redentor del mundo,<br>te damos gracias por el don de San Alfonso Mar\u00eda de Ligorio.<\/p>\n\n\n\n<p>En \u00e9l nos has mostrado que la santidad nace de un coraz\u00f3n enamorado de tu misericordia y entregado sin reservas al anuncio del Evangelio.<\/p>\n\n\n\n<p>Haz que tambi\u00e9n nosotros vivamos como peregrinos de esperanza.<\/p>\n\n\n\n<p>Que nunca nos cansemos de buscar a los pobres y abandonados.<\/p>\n\n\n\n<p>Que nuestras comunidades sean hogares de acogida, de reconciliaci\u00f3n y de alegr\u00eda.<\/p>\n\n\n\n<p>Ens\u00e9\u00f1anos a anunciar tu Evangelio con sencillez, a servir con humildad y a confiar siempre en la fuerza de tu amor.<\/p>\n\n\n\n<p>Que, siguiendo las huellas de San Alfonso, sepamos llevar a todos la buena noticia de la Abundante Redenci\u00f3n, para que nadie dude jam\u00e1s de que es amado por Ti.<\/p>\n\n\n\n<p>Mar\u00eda, Madre del Perpetuo Socorro, acomp\u00e1\u00f1anos en el camino de la misi\u00f3n.<\/p>\n\n\n\n<p>Y que San Alfonso interceda por nosotros, para que nuestra vida sea un reflejo del rostro misericordioso del Redentor.<\/p>\n\n\n\n<p><strong>Am\u00e9n.<\/strong><\/p>\n\n\n\n<p><em>San Alfonso Mar\u00eda, doctor de la Iglesia, padre de los Redentoristas y misionero de la Abundante Redenci\u00f3n, ruega por nosotros.<\/em><\/p>\n","protected":false},"excerpt":{"rendered":"<p>Fiesta de San Alfonso Mar\u00eda de Ligorio: San Alfonso, peregrino de esperanza y testigo de la Abundante Redenci\u00f3n \u00abEl Esp\u00edritu del Se\u00f1or est\u00e1 sobre m\u00ed, porque me ha ungido para anunciar la Buena Nueva a los pobres.\u00bb (Lc 4,18) Hoy la Iglesia se llena de alegr\u00eda para celebrar a San Alfonso Mar\u00eda de Ligorio, un [&hellip;]<\/p>\n","protected":false},"author":3,"featured_media":32360,"comment_status":"closed","ping_status":"closed","sticky":false,"template":"","format":"standard","meta":[],"categories":[2],"tags":[],"_links":{"self":[{"href":"https:\/\/www.cssr.news\/spanish\/wp-json\/wp\/v2\/posts\/32123"}],"collection":[{"href":"https:\/\/www.cssr.news\/spanish\/wp-json\/wp\/v2\/posts"}],"about":[{"href":"https:\/\/www.cssr.news\/spanish\/wp-json\/wp\/v2\/types\/post"}],"author":[{"embeddable":true,"href":"https:\/\/www.cssr.news\/spanish\/wp-json\/wp\/v2\/users\/3"}],"replies":[{"embeddable":true,"href":"https:\/\/www.cssr.news\/spanish\/wp-json\/wp\/v2\/comments?post=32123"}],"version-history":[{"count":1,"href":"https:\/\/www.cssr.news\/spanish\/wp-json\/wp\/v2\/posts\/32123\/revisions"}],"predecessor-version":[{"id":32124,"href":"https:\/\/www.cssr.news\/spanish\/wp-json\/wp\/v2\/posts\/32123\/revisions\/32124"}],"wp:featuredmedia":[{"embeddable":true,"href":"https:\/\/www.cssr.news\/spanish\/wp-json\/wp\/v2\/media\/32360"}],"wp:attachment":[{"href":"https:\/\/www.cssr.news\/spanish\/wp-json\/wp\/v2\/media?parent=32123"}],"wp:term":[{"taxonomy":"category","embeddable":true,"href":"https:\/\/www.cssr.news\/spanish\/wp-json\/wp\/v2\/categories?post=32123"},{"taxonomy":"post_tag","embeddable":true,"href":"https:\/\/www.cssr.news\/spanish\/wp-json\/wp\/v2\/tags?post=32123"}],"curies":[{"name":"wp","href":"https:\/\/api.w.org\/{rel}","templated":true}]}}