{"id":32269,"date":"2026-07-22T21:34:47","date_gmt":"2026-07-22T19:34:47","guid":{"rendered":"https:\/\/www.cssr.news\/spanish\/?p=32269"},"modified":"2026-07-22T21:36:02","modified_gmt":"2026-07-22T19:36:02","slug":"india-la-parroquia-del-santo-redentor-de-ambala-celebro-en-grande-la-fiesta-del-santisimo-redentor","status":"publish","type":"post","link":"https:\/\/www.cssr.news\/spanish\/2026\/07\/india-la-parroquia-del-santo-redentor-de-ambala-celebro-en-grande-la-fiesta-del-santisimo-redentor\/","title":{"rendered":"India: la parroquia del Santo Redentor de Ambala celebr\u00f3 en grande la fiesta del Sant\u00edsimo Redentor"},"content":{"rendered":"\n<p>La comunidad redentorista y los fieles de la parroquia del Sant\u00edsimo Redentor en Ambala celebraron con alegr\u00eda la Fiesta del Sant\u00edsimo Redentor el tercer domingo de julio de 2026. Esta fiesta tiene un significado especial para nuestra parroquia, ya que nuestra iglesia est\u00e1 dedicada al Sant\u00edsimo Redentor, patrono y t\u00edtulo de la Congregaci\u00f3n del Sant\u00edsimo Redentor (Redentoristas).<\/p>\n\n\n\n<p>La celebraci\u00f3n fue una ocasi\u00f3n memorable, llena de oraci\u00f3n, fe, cultura y fraternidad. Feligreses de diversas comunidades se reunieron en gran n\u00famero para honrar a Cristo Redentor y agradecer a Dios por sus abundantes bendiciones sobre la parroquia.<\/p>\n\n\n\n<p>Las festividades comenzaron con una c\u00e1lida y colorida bienvenida al celebrante principal, Monse\u00f1or Sahaya Thadeus Thomas, Obispo de la Di\u00f3cesis de Simla-Chandigarh. Los feligreses recibieron al obispo con danzas folcl\u00f3ricas tradicionales que reflejaban la rica herencia cultural de la comunidad local. Los ritmos de los tambores Nagada y Mandar crearon una atm\u00f3sfera de alegr\u00eda y celebraci\u00f3n. La m\u00fasica animada y el baile inspiraron una participaci\u00f3n entusiasta, convirtiendo la procesi\u00f3n de entrada en una experiencia verdaderamente festiva e inolvidable.<\/p>\n\n\n\n<p>Tras la bienvenida, los fieles se reunieron para la solemne celebraci\u00f3n eucar\u00edstica presidida por el obispo Sahaya Thadeus Thomas. En su homil\u00eda, el obispo reflexion\u00f3 sobre el amor de Cristo Redentor, quien vino al mundo para traer salvaci\u00f3n, esperanza y misericordia a todos. Anim\u00f3 a los fieles a profundizar su relaci\u00f3n con Cristo y a ser testigos de su amor redentor en sus familias y comunidades. La liturgia fue de profunda oraci\u00f3n y edificante, con la participaci\u00f3n activa de feligreses, organizaciones parroquiales y miembros de la comunidad redentorista. La celebraci\u00f3n puso de relieve la unidad de la familia parroquial y su compromiso con la misi\u00f3n de Cristo Redentor.<\/p>\n\n\n\n<p>Despu\u00e9s de la Santa Misa, se organiz\u00f3 un almuerzo festivo de comuni\u00f3n para todos. Posteriormente, toda la comunidad parroquial se dirigi\u00f3 al patio de la escuela, donde se reunieron para socializar, conversar y celebrar con alegr\u00eda. El almuerzo brind\u00f3 la oportunidad para que feligreses, invitados y cl\u00e9rigos fortalecieran los lazos de amistad y el esp\u00edritu comunitario.<\/p>\n\n\n\n<p>La Fiesta del Sant\u00edsimo Redentor fue una celebraci\u00f3n verdaderamente grandiosa y llena de gracia. Record\u00f3 a todos los presentes el amor redentor de Dios y la misi\u00f3n especial encomendada a la familia redentorista: proclamar la Buena Nueva de la redenci\u00f3n abundante a todos, especialmente a los m\u00e1s necesitados.<\/p>\n\n\n\n<p>La Comunidad Redentorista de la Parroquia de Ambala expresa su sincera gratitud al Obispo Sahaya Thadeus Thomas por su presencia y gu\u00eda pastoral, a todos los feligreses por su entusiasta participaci\u00f3n y a los numerosos voluntarios cuyo compromiso hizo de la celebraci\u00f3n un rotundo \u00e9xito.<\/p>\n\n\n\n<p>Que el Sant\u00edsimo Redentor contin\u00fae bendiciendo nuestra parroquia, gui\u00e1ndonos y uni\u00e9ndonos en la fe, la esperanza y el amor.<\/p>\n\n\n\n<p>Padre Patras Mundu, C.Ss.R.<br>P\u00e1rroco, Iglesia del Sant\u00edsimo Redentor, Ambala<\/p>\n","protected":false},"excerpt":{"rendered":"<p>La comunidad redentorista y los fieles de la parroquia del Sant\u00edsimo Redentor en Ambala celebraron con alegr\u00eda la Fiesta del Sant\u00edsimo Redentor el tercer domingo de julio de 2026. Esta fiesta tiene un significado especial para nuestra parroquia, ya que nuestra iglesia est\u00e1 dedicada al Sant\u00edsimo Redentor, patrono y t\u00edtulo de la Congregaci\u00f3n del Sant\u00edsimo [&hellip;]<\/p>\n","protected":false},"author":3,"featured_media":32270,"comment_status":"closed","ping_status":"closed","sticky":false,"template":"","format":"standard","meta":[],"categories":[2],"tags":[],"_links":{"self":[{"href":"https:\/\/www.cssr.news\/spanish\/wp-json\/wp\/v2\/posts\/32269"}],"collection":[{"href":"https:\/\/www.cssr.news\/spanish\/wp-json\/wp\/v2\/posts"}],"about":[{"href":"https:\/\/www.cssr.news\/spanish\/wp-json\/wp\/v2\/types\/post"}],"author":[{"embeddable":true,"href":"https:\/\/www.cssr.news\/spanish\/wp-json\/wp\/v2\/users\/3"}],"replies":[{"embeddable":true,"href":"https:\/\/www.cssr.news\/spanish\/wp-json\/wp\/v2\/comments?post=32269"}],"version-history":[{"count":2,"href":"https:\/\/www.cssr.news\/spanish\/wp-json\/wp\/v2\/posts\/32269\/revisions"}],"predecessor-version":[{"id":32272,"href":"https:\/\/www.cssr.news\/spanish\/wp-json\/wp\/v2\/posts\/32269\/revisions\/32272"}],"wp:featuredmedia":[{"embeddable":true,"href":"https:\/\/www.cssr.news\/spanish\/wp-json\/wp\/v2\/media\/32270"}],"wp:attachment":[{"href":"https:\/\/www.cssr.news\/spanish\/wp-json\/wp\/v2\/media?parent=32269"}],"wp:term":[{"taxonomy":"category","embeddable":true,"href":"https:\/\/www.cssr.news\/spanish\/wp-json\/wp\/v2\/categories?post=32269"},{"taxonomy":"post_tag","embeddable":true,"href":"https:\/\/www.cssr.news\/spanish\/wp-json\/wp\/v2\/tags?post=32269"}],"curies":[{"name":"wp","href":"https:\/\/api.w.org\/{rel}","templated":true}]}}