{"id":32281,"date":"2026-07-23T20:34:28","date_gmt":"2026-07-23T18:34:28","guid":{"rendered":"https:\/\/www.cssr.news\/spanish\/?p=32281"},"modified":"2026-07-23T20:35:23","modified_gmt":"2026-07-23T18:35:23","slug":"brasil-el-mensaje-del-superior-general-fortalece-la-mision-redentorista-en-la-provincia-de-curitiba","status":"publish","type":"post","link":"https:\/\/www.cssr.news\/spanish\/2026\/07\/brasil-el-mensaje-del-superior-general-fortalece-la-mision-redentorista-en-la-provincia-de-curitiba\/","title":{"rendered":"Brasil: El mensaje del Superior General fortalece la misi\u00f3n redentorista en la Provincia de Curitiba"},"content":{"rendered":"\n<p>En la ma\u00f1ana del jueves 23 de julio, la Provincia Redentorista de Curitiba se reuni\u00f3 virtualmente, presidida por el Superior General de la Congregaci\u00f3n del Sant\u00edsimo Redentor, Padre Rog\u00e9rio Gomes, C.Ss.R. Asistieron a la reuni\u00f3n el Superior Provincial, Padre Edilei Rosa, C.Ss.R., los Visitadores, los miembros del Consejo Provincial y todos los hermanos.<\/p>\n\n\n\n<p>Al conectar a los hermanos dispersos en diferentes comunidades, la reuni\u00f3n trascendi\u00f3 las barreras geogr\u00e1ficas, fortaleciendo los lazos fraternos y reavivando la llama del carisma redentorista en cada coraz\u00f3n. La presencia viva del Superior General y sus palabras de aliento renovaron en todos el celo por seguir adelante con fe y entrega, guiados por la certeza de que \u00aben \u00c9l est\u00e1 nuestra esperanza; de \u00c9l viene la redenci\u00f3n abundante\u00bb (cf. Sal 130,7).<\/p>\n\n\n\n<figure class=\"wp-block-image size-large\"><a href=\"http:\/\/www.cssr.news\/spanish\/wp-content\/uploads\/sites\/3\/2026\/07\/sn260723-curitiba3.jpeg\"><img width=\"1024\" height=\"472\" src=\"http:\/\/www.cssr.news\/spanish\/wp-content\/uploads\/sites\/3\/2026\/07\/sn260723-curitiba3-1024x472.jpeg\" alt=\"\" class=\"wp-image-32282\" srcset=\"https:\/\/www.cssr.news\/spanish\/wp-content\/uploads\/sites\/3\/2026\/07\/sn260723-curitiba3-1024x472.jpeg 1024w, https:\/\/www.cssr.news\/spanish\/wp-content\/uploads\/sites\/3\/2026\/07\/sn260723-curitiba3-300x138.jpeg 300w, https:\/\/www.cssr.news\/spanish\/wp-content\/uploads\/sites\/3\/2026\/07\/sn260723-curitiba3-768x354.jpeg 768w, https:\/\/www.cssr.news\/spanish\/wp-content\/uploads\/sites\/3\/2026\/07\/sn260723-curitiba3-1536x708.jpeg 1536w, https:\/\/www.cssr.news\/spanish\/wp-content\/uploads\/sites\/3\/2026\/07\/sn260723-curitiba3.jpeg 1600w\" sizes=\"(max-width: 1024px) 100vw, 1024px\" \/><\/a><\/figure>\n\n\n\n<p>Juntos, reafirmamos nuestro compromiso fundamental: llevar la esperanza y el amor de Cristo, especialmente a los m\u00e1s pobres y abandonados. Como miembros de una misma familia, firmes en la fe y llenos de esperanza, caminamos juntos como un solo cuerpo misionero al servicio del Reino.<\/p>\n\n\n\n<p>Con este mensaje dirigido a todos, el Superior General concluy\u00f3 oficialmente su visita fraterna. \u00a1Alabemos a Dios por este importante momento en nuestra labor misionera!<\/p>\n\n\n\n<p>P. Dionatan Grieger Dutra, C.Ss.R.<\/p>\n","protected":false},"excerpt":{"rendered":"<p>En la ma\u00f1ana del jueves 23 de julio, la Provincia Redentorista de Curitiba se reuni\u00f3 virtualmente, presidida por el Superior General de la Congregaci\u00f3n del Sant\u00edsimo Redentor, Padre Rog\u00e9rio Gomes, C.Ss.R. Asistieron a la reuni\u00f3n el Superior Provincial, Padre Edilei Rosa, C.Ss.R., los Visitadores, los miembros del Consejo Provincial y todos los hermanos. Al conectar [&hellip;]<\/p>\n","protected":false},"author":3,"featured_media":32283,"comment_status":"closed","ping_status":"closed","sticky":false,"template":"","format":"standard","meta":[],"categories":[17],"tags":[],"_links":{"self":[{"href":"https:\/\/www.cssr.news\/spanish\/wp-json\/wp\/v2\/posts\/32281"}],"collection":[{"href":"https:\/\/www.cssr.news\/spanish\/wp-json\/wp\/v2\/posts"}],"about":[{"href":"https:\/\/www.cssr.news\/spanish\/wp-json\/wp\/v2\/types\/post"}],"author":[{"embeddable":true,"href":"https:\/\/www.cssr.news\/spanish\/wp-json\/wp\/v2\/users\/3"}],"replies":[{"embeddable":true,"href":"https:\/\/www.cssr.news\/spanish\/wp-json\/wp\/v2\/comments?post=32281"}],"version-history":[{"count":1,"href":"https:\/\/www.cssr.news\/spanish\/wp-json\/wp\/v2\/posts\/32281\/revisions"}],"predecessor-version":[{"id":32284,"href":"https:\/\/www.cssr.news\/spanish\/wp-json\/wp\/v2\/posts\/32281\/revisions\/32284"}],"wp:featuredmedia":[{"embeddable":true,"href":"https:\/\/www.cssr.news\/spanish\/wp-json\/wp\/v2\/media\/32283"}],"wp:attachment":[{"href":"https:\/\/www.cssr.news\/spanish\/wp-json\/wp\/v2\/media?parent=32281"}],"wp:term":[{"taxonomy":"category","embeddable":true,"href":"https:\/\/www.cssr.news\/spanish\/wp-json\/wp\/v2\/categories?post=32281"},{"taxonomy":"post_tag","embeddable":true,"href":"https:\/\/www.cssr.news\/spanish\/wp-json\/wp\/v2\/tags?post=32281"}],"curies":[{"name":"wp","href":"https:\/\/api.w.org\/{rel}","templated":true}]}}