{"id":32285,"date":"2026-07-23T08:44:00","date_gmt":"2026-07-23T06:44:00","guid":{"rendered":"https:\/\/www.cssr.news\/spanish\/?p=32285"},"modified":"2026-07-24T09:14:11","modified_gmt":"2026-07-24T07:14:11","slug":"alemania-redentoristas-indonesios-visitan-el-monasterio-juvenil-de-kirchhellen-para-su-tercer-encuentro-de-colaboracion","status":"publish","type":"post","link":"https:\/\/www.cssr.news\/spanish\/2026\/07\/alemania-redentoristas-indonesios-visitan-el-monasterio-juvenil-de-kirchhellen-para-su-tercer-encuentro-de-colaboracion\/","title":{"rendered":"Alemania: Redentoristas indonesios en el monasterio de Kirchhellen para encuentro de colaboraci\u00f3n"},"content":{"rendered":"\n<p>Del 30 de junio al 10 de julio de 2026, el Monasterio Juvenil Kirchhellen, perteneciente a la Provincia de San Clemente, acogi\u00f3 a un grupo de estudiantes y j\u00f3venes hermanos redentoristas <strong>de la Provincia de Indonesia.<\/strong><\/p>\n\n\n\n<p>Su visita fue una expresi\u00f3n concreta de la vibrante colaboraci\u00f3n entre la Provincia de San Clemente y la Provincia de Indonesia, materializada a trav\u00e9s de la <strong>colaboraci\u00f3n entre el Monasterio Juvenil Kirchhellen y la Casa de Formaci\u00f3n Wisma Sang Penebus en Yogyakarta<\/strong>, Indonesia. Para todos los participantes, fue una intensa experiencia de la Iglesia universal, la aut\u00e9ntica fraternidad y nuestra vocaci\u00f3n misionera compartida.<\/p>\n\n\n\n<p>El enfoque de la visita fue la vida comunitaria. La oraci\u00f3n compartida, las comidas, las actividades recreativas y las innumerables conversaciones fomentaron un esp\u00edritu de aut\u00e9ntica fraternidad. Para muchos de los estudiantes indonesios, fue su primer viaje fuera de su pa\u00eds. Todo lo que encontraron era nuevo, pero lo que m\u00e1s les impact\u00f3 fue la c\u00e1lida y generosa bienvenida que recibieron. Su llegada al aeropuerto, donde fueron recibidos con una gran pancarta de bienvenida, dej\u00f3 claro de inmediato que no eran simples visitantes, sino hermanos pertenecientes a una \u00fanica familia redentorista global.<\/p>\n\n\n\n<p>El programa se extendi\u00f3 mucho m\u00e1s all\u00e1 de los l\u00edmites del monasterio. Los j\u00f3venes redentoristas conocieron diversos aspectos de la vida eclesial, social y profesional en Alemania. Las visitas a granjas y negocios locales, las reuniones con comunidades parroquiales y el contacto con numerosas personas comprometidas de la regi\u00f3n les brindaron valiosas perspectivas sobre las m\u00faltiples maneras en que la Iglesia vive su misi\u00f3n hoy en d\u00eda.<\/p>\n\n\n\n<figure class=\"wp-block-gallery columns-3 is-cropped\"><ul class=\"blocks-gallery-grid\"><li class=\"blocks-gallery-item\"><figure><a href=\"https:\/\/www.cssr.news\/wp-content\/uploads\/2026\/07\/10.jpg\"><img src=\"https:\/\/www.cssr.news\/wp-content\/uploads\/2026\/07\/10.jpg\" alt=\"\" data-id=\"42937\" data-full-url=\"https:\/\/www.cssr.news\/wp-content\/uploads\/2026\/07\/10.jpg\" data-link=\"https:\/\/www.cssr.news\/?attachment_id=42937\" class=\"wp-image-42937\"\/><\/a><\/figure><\/li><li class=\"blocks-gallery-item\"><figure><a href=\"https:\/\/www.cssr.news\/wp-content\/uploads\/2026\/07\/2.jpg\"><img src=\"https:\/\/www.cssr.news\/wp-content\/uploads\/2026\/07\/2-1024x683.jpg\" alt=\"\" data-id=\"42938\" data-full-url=\"https:\/\/www.cssr.news\/wp-content\/uploads\/2026\/07\/2.jpg\" data-link=\"https:\/\/www.cssr.news\/?attachment_id=42938\" class=\"wp-image-42938\"\/><\/a><\/figure><\/li><li class=\"blocks-gallery-item\"><figure><a href=\"https:\/\/www.cssr.news\/wp-content\/uploads\/2026\/07\/3-1.jpg\"><img src=\"https:\/\/www.cssr.news\/wp-content\/uploads\/2026\/07\/3-1.jpg\" alt=\"\" data-id=\"42939\" data-full-url=\"https:\/\/www.cssr.news\/wp-content\/uploads\/2026\/07\/3-1.jpg\" data-link=\"https:\/\/www.cssr.news\/?attachment_id=42939\" class=\"wp-image-42939\"\/><\/a><\/figure><\/li><li class=\"blocks-gallery-item\"><figure><a href=\"https:\/\/www.cssr.news\/wp-content\/uploads\/2026\/07\/5.jpg\"><img src=\"https:\/\/www.cssr.news\/wp-content\/uploads\/2026\/07\/5.jpg\" alt=\"\" data-id=\"42941\" data-full-url=\"https:\/\/www.cssr.news\/wp-content\/uploads\/2026\/07\/5.jpg\" data-link=\"https:\/\/www.cssr.news\/?attachment_id=42941\" class=\"wp-image-42941\"\/><\/a><\/figure><\/li><\/ul><\/figure>\n\n\n\n<p>Los invitados destacaron repetidamente la importancia no solo de visitar las comunidades redentoristas, sino tambi\u00e9n de experimentar la vida cotidiana en Alemania e interactuar con personas de diversos or\u00edgenes sociales. Estos encuentros personales les ayudaron a comprender mejor tanto la sociedad alemana como la realidad pastoral de la Iglesia local.<\/p>\n\n\n\n<p>Uno de los momentos m\u00e1s destacados del programa fue la presentaci\u00f3n del <strong>Dr. Michael Schlagheck,<\/strong> exdirector de la Academia Cat\u00f3lica Die Wolfsburg en M\u00fclheim an der Ruhr. Reflexion\u00f3 sobre la situaci\u00f3n actual y el futuro de la Iglesia Cat\u00f3lica en Alemania en el contexto de profundos cambios sociales y eclesiales. Se abordaron con franqueza y honestidad temas como la secularizaci\u00f3n, la sinodalidad, la protecci\u00f3n de menores y la respuesta a los casos de abuso sexual, as\u00ed como los nuevos retos pastorales.<\/p>\n\n\n\n<p>Los cohermanos indonesios aprovecharon al m\u00e1ximo la oportunidad para formular numerosas preguntas y obtuvieron valiosas perspectivas de primera mano sobre las realidades pastorales que enfrenta la Iglesia en Alemania hoy en d\u00eda. Al mismo tiempo, presenciaron c\u00f3mo se est\u00e1n implementando nuevas formas de liderazgo compartido en el Monasterio de la Juventud. La <strong>estrecha colaboraci\u00f3n entre religiosos y laicos, los \u00abSocios en la Misi\u00f3n\u00bb,<\/strong> hombres y mujeres, as\u00ed como el personal remunerado y los voluntarios, que comparten la responsabilidad de la misi\u00f3n del monasterio, result\u00f3 particularmente inspiradora para los visitantes. Vieron en este modelo de liderazgo colaborativo una expresi\u00f3n de esperanza y apertura hacia el futuro de la Iglesia.<\/p>\n\n\n\n<p>El programa tambi\u00e9n incluy\u00f3 visitas a la comunidad redentorista de Bonn y al <strong>Collegium Josephinum<\/strong>, donde los invitados conocieron la historia y la vida actual de la Congregaci\u00f3n en Alemania. Un momento especialmente emotivo fue la oraci\u00f3n ante las tumbas de antiguos misioneros. El recuerdo de estos hermanos, cuyo testimonio contribuy\u00f3 a forjar la relaci\u00f3n entre Europa e Indonesia, record\u00f3 a todos que la colaboraci\u00f3n actual se basa en una larga tradici\u00f3n de compromiso misionero y apoyo mutuo.<\/p>\n\n\n\n<figure class=\"wp-block-gallery columns-3 is-cropped\"><ul class=\"blocks-gallery-grid\"><li class=\"blocks-gallery-item\"><figure><a href=\"http:\/\/www.cssr.news\/wp-content\/uploads\/2026\/07\/7.jpg\"><img src=\"http:\/\/www.cssr.news\/wp-content\/uploads\/2026\/07\/7.jpg\" alt=\"\" data-id=\"42935\" data-full-url=\"http:\/\/www.cssr.news\/wp-content\/uploads\/2026\/07\/7.jpg\" data-link=\"https:\/\/www.cssr.news\/?attachment_id=42935\" class=\"wp-image-42935\"\/><\/a><\/figure><\/li><li class=\"blocks-gallery-item\"><figure><a href=\"http:\/\/www.cssr.news\/wp-content\/uploads\/2026\/07\/9.jpg\"><img src=\"http:\/\/www.cssr.news\/wp-content\/uploads\/2026\/07\/9.jpg\" alt=\"\" data-id=\"42936\" data-full-url=\"http:\/\/www.cssr.news\/wp-content\/uploads\/2026\/07\/9.jpg\" data-link=\"https:\/\/www.cssr.news\/?attachment_id=42936\" class=\"wp-image-42936\"\/><\/a><\/figure><\/li><li class=\"blocks-gallery-item\"><figure><a href=\"http:\/\/www.cssr.news\/wp-content\/uploads\/2026\/07\/4.jpg\"><img src=\"http:\/\/www.cssr.news\/wp-content\/uploads\/2026\/07\/4.jpg\" alt=\"\" data-id=\"42940\" data-full-url=\"http:\/\/www.cssr.news\/wp-content\/uploads\/2026\/07\/4.jpg\" data-link=\"https:\/\/www.cssr.news\/?attachment_id=42940\" class=\"wp-image-42940\"\/><\/a><\/figure><\/li><\/ul><\/figure>\n\n\n\n<p>Otro momento destacado fue la peregrinaci\u00f3n al santuario del <strong>Beato Pedro Donders<\/strong> en Tilburg, Pa\u00edses Bajos. Junto con miembros y visitantes del Monasterio de la Juventud, los hermanos indonesios visitaron el lugar de nacimiento del famoso misionero redentorista. Su dedicaci\u00f3n de toda una vida a los pobres, los enfermos y los marginados se convirti\u00f3 en un poderoso recordatorio del carisma redentorista e inspir\u00f3 a todos los que participaron en la peregrinaci\u00f3n.<\/p>\n\n\n\n<p>La fiesta anual del monasterio ofreci\u00f3 un alegre marco para la celebraci\u00f3n de varios jubileos importantes. <em>El P. Aloys Daniel, C.Ss.R., celebr\u00f3 el jubileo de oro de su ordenaci\u00f3n sacerdotal, mientras que el P. Fransis Da Cunha, C.Ss.R., celebr\u00f3 el 25.\u00ba aniversario de su profesi\u00f3n religiosa.<\/em> Durante la misma celebraci\u00f3n, se nombraron nuevos ac\u00f3litos para su ministerio, ofreciendo una se\u00f1al visible de que los j\u00f3venes siguen asumiendo responsabilidades y participando activamente en la vida de la Iglesia.<\/p>\n\n\n\n<p>La celebraci\u00f3n tambi\u00e9n conmemor\u00f3 otro aniversario significativo. Durante ochenta a\u00f1os, los Redentoristas de Kirchhellen se han dedicado al servicio de los j\u00f3venes, as\u00ed como de aquellos que sufren o viven al margen de la sociedad. Lo que comenz\u00f3 como un ministerio centrado principalmente en los j\u00f3venes se ha desarrollado gradualmente hasta abarcar una amplia gama de iniciativas sociales y pastorales.<\/p>\n\n\n\n<p>Hoy, junto con numerosos colaboradores, voluntarios y socios misioneros, el Monasterio Juvenil de Kirchhellen se ha convertido en un lugar de oraci\u00f3n, acogida, encuentro y responsabilidad social. El monasterio busca acompa\u00f1ar a las personas en las diversas situaciones de la vida, ofreciendo gu\u00eda espiritual, comunidad y solidaridad concreta. De esta manera, contin\u00faa la misi\u00f3n redentorista de proclamar el Evangelio donde m\u00e1s se necesita esperanza.<\/p>\n\n\n\n<p>La visita result\u00f3 profundamente enriquecedora para todos los participantes. Los hermanos indonesios expresaron su gran aprecio por la generosa hospitalidad recibida, la excelente organizaci\u00f3n del programa y la c\u00e1lida acogida. Manifestaron su gratitud por la oportunidad de representar a su Provincia y destacaron c\u00f3mo estas dos semanas hab\u00edan fortalecido profundamente su sentido de pertenencia a una \u00fanica familia redentorista internacional.<\/p>\n\n\n\n<p>La comunidad del Monasterio de la Juventud tambi\u00e9n recuerda estas dos semanas con profunda gratitud. La alegr\u00eda, la franqueza y el entusiasmo misionero de los j\u00f3venes hermanos indonesios fueron fuente de aliento para muchos. En una Provincia a menudo marcada por cambios estructurales y el envejecimiento de sus comunidades, su presencia se consider\u00f3 un poderoso signo de esperanza para el futuro de la Congregaci\u00f3n.<\/p>\n\n\n\n<p>Los invitados impresionaron especialmente a sus anfitriones con su franqueza, su genuina curiosidad y sus preguntas reflexivas sobre la pastoral, los problemas sociales y las diferencias culturales. Las conversaciones sobre protecci\u00f3n infantil, la pastoral con ni\u00f1os y j\u00f3venes, la protecci\u00f3n de datos y la influencia de diversos contextos culturales demostraron lo enriquecedor que puede ser el aprendizaje mutuo dentro de una congregaci\u00f3n religiosa internacional. El encuentro se convirti\u00f3 en un verdadero intercambio en el que todos tuvieron algo que compartir y algo que aprender.<\/p>\n\n\n\n<p>La colaboraci\u00f3n entre el Monasterio Juvenil de Kirchhellen y la Casa de Formaci\u00f3n Wisma Sang Penebus \u2014establecida como parte de la colaboraci\u00f3n m\u00e1s amplia entre la Provincia de Indonesia y la Provincia de San Clemente\u2014 contin\u00faa creciendo y profundiz\u00e1ndose. Hoy, diez redentoristas indonesios viven y sirven en la Provincia de San Clemente, compartiendo sus dones y enriqueciendo la vida pastoral de la Provincia de diversas maneras. Adem\u00e1s, varios j\u00f3venes indonesios sirven como voluntarios en el Monasterio Juvenil, fortaleciendo los lazos de amistad y cooperaci\u00f3n intercultural a trav\u00e9s de su compromiso.<\/p>\n\n\n\n<p>Lo que comenz\u00f3 como una colaboraci\u00f3n se ha convertido en un intercambio vivo que promueve el aprendizaje mutuo, el di\u00e1logo intercultural y el servicio misionero compartido. Es una relaci\u00f3n fundada no solo en la cooperaci\u00f3n, sino tambi\u00e9n en la confianza, la amistad y un compromiso compartido de proclamar el Evangelio en el mundo actual.<\/p>\n\n\n\n<p>La visita demostr\u00f3 v\u00edvidamente que la familia redentorista internacional cobra vida cuando personas de diferentes culturas comparten su fe, aprenden unas de otras y viven juntas su vocaci\u00f3n misionera. Estos encuentros fortalecen los lazos que unen a la Congregaci\u00f3n a trav\u00e9s de continentes y culturas, recordando a todos los participantes que la misi\u00f3n redentorista se enriquece con la diversidad de sus miembros y el testimonio de comunidades que caminan juntas en la fe.<\/p>\n\n\n\n<p>La colaboraci\u00f3n entre la Casa de Formaci\u00f3n Wisma Sang Penebus en Yogyakarta y el Monasterio Juvenil Kirchhellen representa un ejemplo esperanzador e inspirador de colaboraci\u00f3n misionera internacional. Demuestra c\u00f3mo la Iglesia crece a trav\u00e9s del encuentro, el apoyo mutuo y la responsabilidad compartida por la misi\u00f3n de Cristo. Sobre todo, nos recuerda que el Evangelio se proclama con mayor autenticidad cuando se vive en comunidad: en fraternidad, solidaridad y servicio gozoso a los j\u00f3venes y a los pobres, heridos y marginados.<\/p>\n\n\n\n<p>Hildegard K\u00fcckelmann<\/p>\n","protected":false},"excerpt":{"rendered":"<p>Del 30 de junio al 10 de julio de 2026, el Monasterio Juvenil Kirchhellen, perteneciente a la Provincia de San Clemente, acogi\u00f3 a un grupo de estudiantes y j\u00f3venes hermanos redentoristas de la Provincia de Indonesia. Su visita fue una expresi\u00f3n concreta de la vibrante colaboraci\u00f3n entre la Provincia de San Clemente y la Provincia [&hellip;]<\/p>\n","protected":false},"author":3,"featured_media":32286,"comment_status":"closed","ping_status":"closed","sticky":false,"template":"","format":"standard","meta":[],"categories":[2],"tags":[],"_links":{"self":[{"href":"https:\/\/www.cssr.news\/spanish\/wp-json\/wp\/v2\/posts\/32285"}],"collection":[{"href":"https:\/\/www.cssr.news\/spanish\/wp-json\/wp\/v2\/posts"}],"about":[{"href":"https:\/\/www.cssr.news\/spanish\/wp-json\/wp\/v2\/types\/post"}],"author":[{"embeddable":true,"href":"https:\/\/www.cssr.news\/spanish\/wp-json\/wp\/v2\/users\/3"}],"replies":[{"embeddable":true,"href":"https:\/\/www.cssr.news\/spanish\/wp-json\/wp\/v2\/comments?post=32285"}],"version-history":[{"count":7,"href":"https:\/\/www.cssr.news\/spanish\/wp-json\/wp\/v2\/posts\/32285\/revisions"}],"predecessor-version":[{"id":32298,"href":"https:\/\/www.cssr.news\/spanish\/wp-json\/wp\/v2\/posts\/32285\/revisions\/32298"}],"wp:featuredmedia":[{"embeddable":true,"href":"https:\/\/www.cssr.news\/spanish\/wp-json\/wp\/v2\/media\/32286"}],"wp:attachment":[{"href":"https:\/\/www.cssr.news\/spanish\/wp-json\/wp\/v2\/media?parent=32285"}],"wp:term":[{"taxonomy":"category","embeddable":true,"href":"https:\/\/www.cssr.news\/spanish\/wp-json\/wp\/v2\/categories?post=32285"},{"taxonomy":"post_tag","embeddable":true,"href":"https:\/\/www.cssr.news\/spanish\/wp-json\/wp\/v2\/tags?post=32285"}],"curies":[{"name":"wp","href":"https:\/\/api.w.org\/{rel}","templated":true}]}}