{"id":32388,"date":"2026-08-01T18:54:55","date_gmt":"2026-08-01T16:54:55","guid":{"rendered":"https:\/\/www.cssr.news\/spanish\/?p=32388"},"modified":"2026-08-01T19:07:45","modified_gmt":"2026-08-01T17:07:45","slug":"espana-la-sinfonia-resurreccion-marca-la-fiesta-de-san-alfonso-en-la-parroquia-del-santisimo-redentor-en-madrid","status":"publish","type":"post","link":"https:\/\/www.cssr.news\/spanish\/2026\/08\/espana-la-sinfonia-resurreccion-marca-la-fiesta-de-san-alfonso-en-la-parroquia-del-santisimo-redentor-en-madrid\/","title":{"rendered":"Espa\u00f1a: la Sinfon\u00eda &#8220;Resurrecci\u00f3n&#8221; marca la fiesta de San Alfonso en la Parroquia del Sant\u00edsimo Redentor en Madrid"},"content":{"rendered":"\n<p><em>El 28 de julio, la Orquesta Filarm\u00f3nica de La Mancha llen\u00f3 la Parroquia del Sant\u00edsimo Redentor de Madrid con la Sinfon\u00eda &#8220;Resurrecci\u00f3n&#8221; de Gustav Mahler, bajo la direcci\u00f3n de Francisco-Antonio Moya. Fue el ensayo general antes de la actuaci\u00f3n oficial, celebrada al d\u00eda siguiente en la Catedral de Burgos, pero en este templo redentorista la gran m\u00fasica se convirti\u00f3 en oraci\u00f3n y dio inicio a la Semana de San Alfonso.<\/em><\/p>\n\n\n\n<p>Sobre este momento y sobre la vida de la comunidad parroquial conversamos con el p. Jos\u00e9 Miguel de Haro, C.Ss.R., p\u00e1rroco del Sant\u00edsimo Redentor.<\/p>\n\n\n\n<p><strong>\u00bfQu\u00e9 ha significado este concierto para la parroquia?<\/strong><br>&#8220;Muchos miembros de la comunidad parroquial ya est\u00e1n de vacaciones, no obstante, ha sido una buena oportunidad para iniciar la celebraci\u00f3n de San Alfonso y la clausura del a\u00f1o parroquial.&#8221;<\/p>\n\n\n\n<p><strong>\u00bfQu\u00e9 otros momentos importantes ha vivido este a\u00f1o la comunidad?<\/strong><br>&#8220;Este curso hemos bendecido e inaugurado los paneles b\u00edblicos que ya ambientan la capilla parroquial. Se contin\u00faa tambi\u00e9n la ayuda humanitaria, focalizada desde hace unos a\u00f1os en Ucrania. Con la ayuda de la Asociaci\u00f3n Acoger y Compartir, d\u00e1bamos un sentido a la preocupaci\u00f3n por quienes sufren.&#8221;<\/p>\n\n\n\n<p>El concierto sinf\u00f3nico no fue un evento aislado: la parroquia propone tambi\u00e9n a los fieles otros momentos de formaci\u00f3n religiosa y cultural, como la lectura, la semana pasada, de las homil\u00edas del Papa Le\u00f3n durante su viaje a Espa\u00f1a.<\/p>\n\n\n\n<figure class=\"wp-block-gallery columns-3 is-cropped\"><ul class=\"blocks-gallery-grid\"><li class=\"blocks-gallery-item\"><figure><a href=\"http:\/\/www.cssr.news\/spanish\/wp-content\/uploads\/sites\/3\/2026\/08\/sn260801-madrid4.jpg\"><img width=\"768\" height=\"1024\" src=\"http:\/\/www.cssr.news\/spanish\/wp-content\/uploads\/sites\/3\/2026\/08\/sn260801-madrid4-768x1024.jpg\" alt=\"\" data-id=\"32392\" data-full-url=\"http:\/\/www.cssr.news\/spanish\/wp-content\/uploads\/sites\/3\/2026\/08\/sn260801-madrid4.jpg\" data-link=\"https:\/\/www.cssr.news\/spanish\/?attachment_id=32392\" class=\"wp-image-32392\" srcset=\"https:\/\/www.cssr.news\/spanish\/wp-content\/uploads\/sites\/3\/2026\/08\/sn260801-madrid4-768x1024.jpg 768w, https:\/\/www.cssr.news\/spanish\/wp-content\/uploads\/sites\/3\/2026\/08\/sn260801-madrid4-225x300.jpg 225w, https:\/\/www.cssr.news\/spanish\/wp-content\/uploads\/sites\/3\/2026\/08\/sn260801-madrid4-1152x1536.jpg 1152w, https:\/\/www.cssr.news\/spanish\/wp-content\/uploads\/sites\/3\/2026\/08\/sn260801-madrid4.jpg 1200w\" sizes=\"(max-width: 768px) 100vw, 768px\" \/><\/a><\/figure><\/li><li class=\"blocks-gallery-item\"><figure><a href=\"http:\/\/www.cssr.news\/spanish\/wp-content\/uploads\/sites\/3\/2026\/08\/sn260801-madrid5.jpg\"><img width=\"768\" height=\"1024\" src=\"http:\/\/www.cssr.news\/spanish\/wp-content\/uploads\/sites\/3\/2026\/08\/sn260801-madrid5-768x1024.jpg\" alt=\"\" data-id=\"32393\" data-full-url=\"http:\/\/www.cssr.news\/spanish\/wp-content\/uploads\/sites\/3\/2026\/08\/sn260801-madrid5.jpg\" data-link=\"https:\/\/www.cssr.news\/spanish\/?attachment_id=32393\" class=\"wp-image-32393\" srcset=\"https:\/\/www.cssr.news\/spanish\/wp-content\/uploads\/sites\/3\/2026\/08\/sn260801-madrid5-768x1024.jpg 768w, https:\/\/www.cssr.news\/spanish\/wp-content\/uploads\/sites\/3\/2026\/08\/sn260801-madrid5-225x300.jpg 225w, https:\/\/www.cssr.news\/spanish\/wp-content\/uploads\/sites\/3\/2026\/08\/sn260801-madrid5-1152x1536.jpg 1152w, https:\/\/www.cssr.news\/spanish\/wp-content\/uploads\/sites\/3\/2026\/08\/sn260801-madrid5-696x928.jpg 696w, https:\/\/www.cssr.news\/spanish\/wp-content\/uploads\/sites\/3\/2026\/08\/sn260801-madrid5-1068x1424.jpg 1068w, https:\/\/www.cssr.news\/spanish\/wp-content\/uploads\/sites\/3\/2026\/08\/sn260801-madrid5-315x420.jpg 315w, https:\/\/www.cssr.news\/spanish\/wp-content\/uploads\/sites\/3\/2026\/08\/sn260801-madrid5.jpg 1200w\" sizes=\"(max-width: 768px) 100vw, 768px\" \/><\/a><\/figure><\/li><li class=\"blocks-gallery-item\"><figure><a href=\"http:\/\/www.cssr.news\/spanish\/wp-content\/uploads\/sites\/3\/2026\/08\/sn260801-madrid3.jpg\"><img width=\"768\" height=\"1024\" src=\"http:\/\/www.cssr.news\/spanish\/wp-content\/uploads\/sites\/3\/2026\/08\/sn260801-madrid3-768x1024.jpg\" alt=\"\" data-id=\"32391\" data-full-url=\"http:\/\/www.cssr.news\/spanish\/wp-content\/uploads\/sites\/3\/2026\/08\/sn260801-madrid3.jpg\" data-link=\"https:\/\/www.cssr.news\/spanish\/?attachment_id=32391\" class=\"wp-image-32391\" srcset=\"https:\/\/www.cssr.news\/spanish\/wp-content\/uploads\/sites\/3\/2026\/08\/sn260801-madrid3-768x1024.jpg 768w, https:\/\/www.cssr.news\/spanish\/wp-content\/uploads\/sites\/3\/2026\/08\/sn260801-madrid3-225x300.jpg 225w, https:\/\/www.cssr.news\/spanish\/wp-content\/uploads\/sites\/3\/2026\/08\/sn260801-madrid3-1152x1536.jpg 1152w, https:\/\/www.cssr.news\/spanish\/wp-content\/uploads\/sites\/3\/2026\/08\/sn260801-madrid3-696x928.jpg 696w, https:\/\/www.cssr.news\/spanish\/wp-content\/uploads\/sites\/3\/2026\/08\/sn260801-madrid3-1068x1424.jpg 1068w, https:\/\/www.cssr.news\/spanish\/wp-content\/uploads\/sites\/3\/2026\/08\/sn260801-madrid3-315x420.jpg 315w, https:\/\/www.cssr.news\/spanish\/wp-content\/uploads\/sites\/3\/2026\/08\/sn260801-madrid3.jpg 1200w\" sizes=\"(max-width: 768px) 100vw, 768px\" \/><\/a><\/figure><\/li><li class=\"blocks-gallery-item\"><figure><a href=\"http:\/\/www.cssr.news\/spanish\/wp-content\/uploads\/sites\/3\/2026\/08\/sn260801-madrid2.jpg\"><img width=\"768\" height=\"1024\" src=\"http:\/\/www.cssr.news\/spanish\/wp-content\/uploads\/sites\/3\/2026\/08\/sn260801-madrid2-768x1024.jpg\" alt=\"\" data-id=\"32390\" data-full-url=\"http:\/\/www.cssr.news\/spanish\/wp-content\/uploads\/sites\/3\/2026\/08\/sn260801-madrid2.jpg\" data-link=\"https:\/\/www.cssr.news\/spanish\/?attachment_id=32390\" class=\"wp-image-32390\" srcset=\"https:\/\/www.cssr.news\/spanish\/wp-content\/uploads\/sites\/3\/2026\/08\/sn260801-madrid2-768x1024.jpg 768w, https:\/\/www.cssr.news\/spanish\/wp-content\/uploads\/sites\/3\/2026\/08\/sn260801-madrid2-225x300.jpg 225w, https:\/\/www.cssr.news\/spanish\/wp-content\/uploads\/sites\/3\/2026\/08\/sn260801-madrid2-1152x1536.jpg 1152w, https:\/\/www.cssr.news\/spanish\/wp-content\/uploads\/sites\/3\/2026\/08\/sn260801-madrid2-696x928.jpg 696w, https:\/\/www.cssr.news\/spanish\/wp-content\/uploads\/sites\/3\/2026\/08\/sn260801-madrid2-1068x1424.jpg 1068w, https:\/\/www.cssr.news\/spanish\/wp-content\/uploads\/sites\/3\/2026\/08\/sn260801-madrid2-315x420.jpg 315w, https:\/\/www.cssr.news\/spanish\/wp-content\/uploads\/sites\/3\/2026\/08\/sn260801-madrid2.jpg 1200w\" sizes=\"(max-width: 768px) 100vw, 768px\" \/><\/a><\/figure><\/li><li class=\"blocks-gallery-item\"><figure><a href=\"http:\/\/www.cssr.news\/spanish\/wp-content\/uploads\/sites\/3\/2026\/08\/sn260801-madrid6.jpg\"><img width=\"1024\" height=\"605\" src=\"http:\/\/www.cssr.news\/spanish\/wp-content\/uploads\/sites\/3\/2026\/08\/sn260801-madrid6-1024x605.jpg\" alt=\"\" data-id=\"32394\" data-full-url=\"http:\/\/www.cssr.news\/spanish\/wp-content\/uploads\/sites\/3\/2026\/08\/sn260801-madrid6.jpg\" data-link=\"https:\/\/www.cssr.news\/spanish\/?attachment_id=32394\" class=\"wp-image-32394\" srcset=\"https:\/\/www.cssr.news\/spanish\/wp-content\/uploads\/sites\/3\/2026\/08\/sn260801-madrid6-1024x605.jpg 1024w, https:\/\/www.cssr.news\/spanish\/wp-content\/uploads\/sites\/3\/2026\/08\/sn260801-madrid6-300x177.jpg 300w, https:\/\/www.cssr.news\/spanish\/wp-content\/uploads\/sites\/3\/2026\/08\/sn260801-madrid6-768x454.jpg 768w, https:\/\/www.cssr.news\/spanish\/wp-content\/uploads\/sites\/3\/2026\/08\/sn260801-madrid6-1536x907.jpg 1536w, https:\/\/www.cssr.news\/spanish\/wp-content\/uploads\/sites\/3\/2026\/08\/sn260801-madrid6.jpg 1600w\" sizes=\"(max-width: 1024px) 100vw, 1024px\" \/><\/a><\/figure><\/li><\/ul><\/figure>\n\n\n\n<p><strong>Un mensaje para el d\u00eda de San Alfonso<\/strong><br>&#8220;En el d\u00eda de San Alfonso, m\u00fasico, escritor, pintor, doctor de la Iglesia y fundador de los Redentoristas, os pasamos como una delectaci\u00f3n un v\u00eddeo del concierto. En la Hoja Parroquial sugerimos la lectura del libro\u00a0<em>Viaje al pa\u00eds de los blancos<\/em>, de Ousman Umar, seguro de su empat\u00eda con el trabajo y la propuesta de nuestro padre San Alfonso&#8221; \u2014dice el p. Jos\u00e9 Miguel.<\/p>\n\n\n\n<p><em>Scala News<\/em><br><em>fotos: p. Marek Raczkiewicz, CSsR<\/em><\/p>\n\n\n\n<figure class=\"wp-block-embed is-type-video is-provider-youtube wp-block-embed-youtube wp-embed-aspect-16-9 wp-has-aspect-ratio\"><div class=\"wp-block-embed__wrapper\">\n<iframe title=\"\ud83c\uddea\ud83c\uddf8 Resurrecci\u00f3n - Ensayo general\" width=\"696\" height=\"392\" src=\"https:\/\/www.youtube.com\/embed\/o_k3mRt58ic?feature=oembed\" frameborder=\"0\" allow=\"accelerometer; autoplay; clipboard-write; encrypted-media; gyroscope; picture-in-picture; web-share\" referrerpolicy=\"strict-origin-when-cross-origin\" allowfullscreen><\/iframe>\n<\/div><\/figure>\n","protected":false},"excerpt":{"rendered":"<p>El 28 de julio, la Orquesta Filarm\u00f3nica de La Mancha llen\u00f3 la Parroquia del Sant\u00edsimo Redentor de Madrid con la Sinfon\u00eda &#8220;Resurrecci\u00f3n&#8221; de Gustav Mahler, bajo la direcci\u00f3n de Francisco-Antonio Moya. Fue el ensayo general antes de la actuaci\u00f3n oficial, celebrada al d\u00eda siguiente en la Catedral de Burgos, pero en este templo redentorista la [&hellip;]<\/p>\n","protected":false},"author":23,"featured_media":32389,"comment_status":"closed","ping_status":"closed","sticky":false,"template":"","format":"standard","meta":[],"categories":[2],"tags":[],"_links":{"self":[{"href":"https:\/\/www.cssr.news\/spanish\/wp-json\/wp\/v2\/posts\/32388"}],"collection":[{"href":"https:\/\/www.cssr.news\/spanish\/wp-json\/wp\/v2\/posts"}],"about":[{"href":"https:\/\/www.cssr.news\/spanish\/wp-json\/wp\/v2\/types\/post"}],"author":[{"embeddable":true,"href":"https:\/\/www.cssr.news\/spanish\/wp-json\/wp\/v2\/users\/23"}],"replies":[{"embeddable":true,"href":"https:\/\/www.cssr.news\/spanish\/wp-json\/wp\/v2\/comments?post=32388"}],"version-history":[{"count":2,"href":"https:\/\/www.cssr.news\/spanish\/wp-json\/wp\/v2\/posts\/32388\/revisions"}],"predecessor-version":[{"id":32397,"href":"https:\/\/www.cssr.news\/spanish\/wp-json\/wp\/v2\/posts\/32388\/revisions\/32397"}],"wp:featuredmedia":[{"embeddable":true,"href":"https:\/\/www.cssr.news\/spanish\/wp-json\/wp\/v2\/media\/32389"}],"wp:attachment":[{"href":"https:\/\/www.cssr.news\/spanish\/wp-json\/wp\/v2\/media?parent=32388"}],"wp:term":[{"taxonomy":"category","embeddable":true,"href":"https:\/\/www.cssr.news\/spanish\/wp-json\/wp\/v2\/categories?post=32388"},{"taxonomy":"post_tag","embeddable":true,"href":"https:\/\/www.cssr.news\/spanish\/wp-json\/wp\/v2\/tags?post=32388"}],"curies":[{"name":"wp","href":"https:\/\/api.w.org\/{rel}","templated":true}]}}