{"id":32656,"date":"2026-09-02T17:50:11","date_gmt":"2026-09-02T15:50:11","guid":{"rendered":"https:\/\/www.cssr.news\/spanish\/?p=32656"},"modified":"2026-09-02T18:47:39","modified_gmt":"2026-09-02T16:47:39","slug":"fe-y-solidaridad-con-ucrania-los-redentoristas-de-madrid-en-kiev","status":"publish","type":"post","link":"https:\/\/www.cssr.news\/spanish\/2026\/09\/fe-y-solidaridad-con-ucrania-los-redentoristas-de-madrid-en-kiev\/","title":{"rendered":"Fe y solidaridad con Ucrania: los redentoristas de Madrid en Kiev"},"content":{"rendered":"\n<p>La parroquia redentorista del Sant\u00edsimo Redentor de Madrid estuvo representada en Kiev, el 23 de agosto, en el Desayuno de Oraci\u00f3n Nacional por Ucrania y en el Foro internacional &#8220;35 a\u00f1os de fe y libertad&#8221;, eventos organizados por las autoridades ucranianas y en los que participaron representantes de numerosas organizaciones no gubernamentales y delegaciones internacionales que muestran su apoyo al pueblo ucraniano durante la agresi\u00f3n rusa.<\/p>\n\n\n\n<h4><strong>Un encuentro que une fes, opiniones y nacionalidades diferentes<\/strong><\/h4>\n\n\n\n<p>En el Desayuno de Oraci\u00f3n particip\u00f3 tambi\u00e9n el Presidente Volod\u00edmir Zelenski, quien se\u00f1al\u00f3 que el evento reuni\u00f3 en un mismo sal\u00f3n a personas de diferentes Iglesias, con distintas opiniones pol\u00edticas, profesiones y nacionalidades. El Presidente record\u00f3 que momentos como este subrayan que cualquier diferencia entre nosotros no importa frente a lo que m\u00e1s importa: la verdad, la paz, y c\u00f3mo la oraci\u00f3n, en los momentos dif\u00edciles, nos une a todos \u2014 ya sea en un refugio bajo ataques a\u00e9reos, en un pasillo de hospital esperando el resultado de la cirug\u00eda de un ser querido, en cautiverio o en el metro a las tres de la madrugada durante los ataques rusos.<\/p>\n\n\n\n<figure class=\"wp-block-gallery columns-3 is-cropped\"><ul class=\"blocks-gallery-grid\"><li class=\"blocks-gallery-item\"><figure><a href=\"http:\/\/www.cssr.news\/spanish\/wp-content\/uploads\/sites\/3\/2026\/09\/sn260902-kiev-ilustr2.jpeg\"><img width=\"1024\" height=\"682\" src=\"http:\/\/www.cssr.news\/spanish\/wp-content\/uploads\/sites\/3\/2026\/09\/sn260902-kiev-ilustr2-1024x682.jpeg\" alt=\"\" data-id=\"32661\" data-full-url=\"http:\/\/www.cssr.news\/spanish\/wp-content\/uploads\/sites\/3\/2026\/09\/sn260902-kiev-ilustr2.jpeg\" data-link=\"https:\/\/www.cssr.news\/spanish\/?attachment_id=32661\" class=\"wp-image-32661\" srcset=\"https:\/\/www.cssr.news\/spanish\/wp-content\/uploads\/sites\/3\/2026\/09\/sn260902-kiev-ilustr2-1024x682.jpeg 1024w, https:\/\/www.cssr.news\/spanish\/wp-content\/uploads\/sites\/3\/2026\/09\/sn260902-kiev-ilustr2-300x200.jpeg 300w, https:\/\/www.cssr.news\/spanish\/wp-content\/uploads\/sites\/3\/2026\/09\/sn260902-kiev-ilustr2-768x512.jpeg 768w, https:\/\/www.cssr.news\/spanish\/wp-content\/uploads\/sites\/3\/2026\/09\/sn260902-kiev-ilustr2-1536x1023.jpeg 1536w, https:\/\/www.cssr.news\/spanish\/wp-content\/uploads\/sites\/3\/2026\/09\/sn260902-kiev-ilustr2-696x464.jpeg 696w, https:\/\/www.cssr.news\/spanish\/wp-content\/uploads\/sites\/3\/2026\/09\/sn260902-kiev-ilustr2-1068x712.jpeg 1068w, https:\/\/www.cssr.news\/spanish\/wp-content\/uploads\/sites\/3\/2026\/09\/sn260902-kiev-ilustr2-630x420.jpeg 630w, https:\/\/www.cssr.news\/spanish\/wp-content\/uploads\/sites\/3\/2026\/09\/sn260902-kiev-ilustr2.jpeg 1600w\" sizes=\"(max-width: 1024px) 100vw, 1024px\" \/><\/a><\/figure><\/li><li class=\"blocks-gallery-item\"><figure><a href=\"http:\/\/www.cssr.news\/spanish\/wp-content\/uploads\/sites\/3\/2026\/09\/sn260902-kiev-zelenskyy.jpeg\"><img width=\"1024\" height=\"682\" src=\"http:\/\/www.cssr.news\/spanish\/wp-content\/uploads\/sites\/3\/2026\/09\/sn260902-kiev-zelenskyy-1024x682.jpeg\" alt=\"\" data-id=\"32665\" data-full-url=\"http:\/\/www.cssr.news\/spanish\/wp-content\/uploads\/sites\/3\/2026\/09\/sn260902-kiev-zelenskyy.jpeg\" data-link=\"https:\/\/www.cssr.news\/spanish\/?attachment_id=32665\" class=\"wp-image-32665\" srcset=\"https:\/\/www.cssr.news\/spanish\/wp-content\/uploads\/sites\/3\/2026\/09\/sn260902-kiev-zelenskyy-1024x682.jpeg 1024w, https:\/\/www.cssr.news\/spanish\/wp-content\/uploads\/sites\/3\/2026\/09\/sn260902-kiev-zelenskyy-300x200.jpeg 300w, https:\/\/www.cssr.news\/spanish\/wp-content\/uploads\/sites\/3\/2026\/09\/sn260902-kiev-zelenskyy-768x512.jpeg 768w, https:\/\/www.cssr.news\/spanish\/wp-content\/uploads\/sites\/3\/2026\/09\/sn260902-kiev-zelenskyy-1536x1023.jpeg 1536w, https:\/\/www.cssr.news\/spanish\/wp-content\/uploads\/sites\/3\/2026\/09\/sn260902-kiev-zelenskyy-696x464.jpeg 696w, https:\/\/www.cssr.news\/spanish\/wp-content\/uploads\/sites\/3\/2026\/09\/sn260902-kiev-zelenskyy-1068x712.jpeg 1068w, https:\/\/www.cssr.news\/spanish\/wp-content\/uploads\/sites\/3\/2026\/09\/sn260902-kiev-zelenskyy-630x420.jpeg 630w, https:\/\/www.cssr.news\/spanish\/wp-content\/uploads\/sites\/3\/2026\/09\/sn260902-kiev-zelenskyy.jpeg 1600w\" sizes=\"(max-width: 1024px) 100vw, 1024px\" \/><\/a><\/figure><\/li><li class=\"blocks-gallery-item\"><figure><a href=\"http:\/\/www.cssr.news\/spanish\/wp-content\/uploads\/sites\/3\/2026\/09\/sn260902-kiev-ilustr4.jpeg\"><img width=\"1024\" height=\"682\" src=\"http:\/\/www.cssr.news\/spanish\/wp-content\/uploads\/sites\/3\/2026\/09\/sn260902-kiev-ilustr4-1024x682.jpeg\" alt=\"\" data-id=\"32659\" data-full-url=\"http:\/\/www.cssr.news\/spanish\/wp-content\/uploads\/sites\/3\/2026\/09\/sn260902-kiev-ilustr4.jpeg\" data-link=\"https:\/\/www.cssr.news\/spanish\/?attachment_id=32659\" class=\"wp-image-32659\" srcset=\"https:\/\/www.cssr.news\/spanish\/wp-content\/uploads\/sites\/3\/2026\/09\/sn260902-kiev-ilustr4-1024x682.jpeg 1024w, https:\/\/www.cssr.news\/spanish\/wp-content\/uploads\/sites\/3\/2026\/09\/sn260902-kiev-ilustr4-300x200.jpeg 300w, https:\/\/www.cssr.news\/spanish\/wp-content\/uploads\/sites\/3\/2026\/09\/sn260902-kiev-ilustr4-768x512.jpeg 768w, https:\/\/www.cssr.news\/spanish\/wp-content\/uploads\/sites\/3\/2026\/09\/sn260902-kiev-ilustr4-1536x1023.jpeg 1536w, https:\/\/www.cssr.news\/spanish\/wp-content\/uploads\/sites\/3\/2026\/09\/sn260902-kiev-ilustr4-696x464.jpeg 696w, https:\/\/www.cssr.news\/spanish\/wp-content\/uploads\/sites\/3\/2026\/09\/sn260902-kiev-ilustr4-1068x712.jpeg 1068w, https:\/\/www.cssr.news\/spanish\/wp-content\/uploads\/sites\/3\/2026\/09\/sn260902-kiev-ilustr4-630x420.jpeg 630w, https:\/\/www.cssr.news\/spanish\/wp-content\/uploads\/sites\/3\/2026\/09\/sn260902-kiev-ilustr4.jpeg 1600w\" sizes=\"(max-width: 1024px) 100vw, 1024px\" \/><\/a><\/figure><\/li><\/ul><\/figure>\n\n\n\n<p>El Presidente mencion\u00f3 el papel de las Iglesias en los \u00faltimos a\u00f1os de la guerra: &#8220;Las parroquias se han convertido en centros en los que protegerse del fr\u00edo. Los s\u00f3tanos de las iglesias se han convertido en refugios. Las escuelas dominicales se han convertido en aulas para nuestros ni\u00f1os ucranianos&#8221;, afirm\u00f3 el Presidente, recordando que esta es la fuerza de la fe que sostiene a todo el pueblo ucraniano, aunque rara vez se mencione en las noticias.<\/p>\n\n\n\n<p>El Presidente record\u00f3 que muchos ucranianos han perdido a seres queridos en el conflicto, y pidi\u00f3 a los presentes un momento de silencio en memoria de quienes dieron su vida por Ucrania y de quienes fueron asesinados. A continuaci\u00f3n, pidi\u00f3 a todos que rezaran por tres intenciones: por los que est\u00e1n en cautiverio, por los que est\u00e1n en combate, y por la paz para Ucrania. &#8220;La guerra dura ya mucho tiempo, y el mayor peligro ahora no es el cansancio en el frente, sino que el mundo se est\u00e9 acostumbrando a ello&#8221;, afirm\u00f3.<\/p>\n\n\n\n<h4>La presencia redentorista<\/h4>\n\n\n\n<p>A ambos encuentros fueron invitados el p. Jos\u00e9 Miguel de Haro, C.Ss.R, p\u00e1rroco de la parroquia redentorista de Madrid, y el p. Marek Raczkiewicz, C.Ss.R, que lo acompa\u00f1\u00f3. Desde hace cuatro a\u00f1os, la parroquia est\u00e1 comprometida con la organizaci\u00f3n de transportes de ayuda humanitaria hacia Ucrania, que \u2014 en colaboraci\u00f3n con los redentoristas que trabajan en territorio ucraniano \u2014 llegan directamente a manos de quienes m\u00e1s lo necesitan.<\/p>\n\n\n\n<figure class=\"wp-block-gallery columns-2 is-cropped\"><ul class=\"blocks-gallery-grid\"><li class=\"blocks-gallery-item\"><figure><a href=\"http:\/\/www.cssr.news\/spanish\/wp-content\/uploads\/sites\/3\/2026\/09\/sn260902-kiev-p-Jose-Miguel2.jpeg\"><img width=\"1024\" height=\"880\" src=\"http:\/\/www.cssr.news\/spanish\/wp-content\/uploads\/sites\/3\/2026\/09\/sn260902-kiev-p-Jose-Miguel2-1024x880.jpeg\" alt=\"\" data-id=\"32663\" data-full-url=\"http:\/\/www.cssr.news\/spanish\/wp-content\/uploads\/sites\/3\/2026\/09\/sn260902-kiev-p-Jose-Miguel2.jpeg\" data-link=\"https:\/\/www.cssr.news\/spanish\/?attachment_id=32663\" class=\"wp-image-32663\" srcset=\"https:\/\/www.cssr.news\/spanish\/wp-content\/uploads\/sites\/3\/2026\/09\/sn260902-kiev-p-Jose-Miguel2-1024x880.jpeg 1024w, https:\/\/www.cssr.news\/spanish\/wp-content\/uploads\/sites\/3\/2026\/09\/sn260902-kiev-p-Jose-Miguel2-300x258.jpeg 300w, https:\/\/www.cssr.news\/spanish\/wp-content\/uploads\/sites\/3\/2026\/09\/sn260902-kiev-p-Jose-Miguel2-768x660.jpeg 768w, https:\/\/www.cssr.news\/spanish\/wp-content\/uploads\/sites\/3\/2026\/09\/sn260902-kiev-p-Jose-Miguel2-1536x1320.jpeg 1536w, https:\/\/www.cssr.news\/spanish\/wp-content\/uploads\/sites\/3\/2026\/09\/sn260902-kiev-p-Jose-Miguel2-696x598.jpeg 696w, https:\/\/www.cssr.news\/spanish\/wp-content\/uploads\/sites\/3\/2026\/09\/sn260902-kiev-p-Jose-Miguel2-1068x918.jpeg 1068w, https:\/\/www.cssr.news\/spanish\/wp-content\/uploads\/sites\/3\/2026\/09\/sn260902-kiev-p-Jose-Miguel2-489x420.jpeg 489w, https:\/\/www.cssr.news\/spanish\/wp-content\/uploads\/sites\/3\/2026\/09\/sn260902-kiev-p-Jose-Miguel2.jpeg 1746w\" sizes=\"(max-width: 1024px) 100vw, 1024px\" \/><\/a><\/figure><\/li><li class=\"blocks-gallery-item\"><figure><a href=\"http:\/\/www.cssr.news\/spanish\/wp-content\/uploads\/sites\/3\/2026\/09\/sn260902-kiev-m-raczk.jpeg\"><img width=\"1024\" height=\"768\" src=\"http:\/\/www.cssr.news\/spanish\/wp-content\/uploads\/sites\/3\/2026\/09\/sn260902-kiev-m-raczk-1024x768.jpeg\" alt=\"\" data-id=\"32658\" data-full-url=\"http:\/\/www.cssr.news\/spanish\/wp-content\/uploads\/sites\/3\/2026\/09\/sn260902-kiev-m-raczk.jpeg\" data-link=\"https:\/\/www.cssr.news\/spanish\/?attachment_id=32658\" class=\"wp-image-32658\" srcset=\"https:\/\/www.cssr.news\/spanish\/wp-content\/uploads\/sites\/3\/2026\/09\/sn260902-kiev-m-raczk-1024x768.jpeg 1024w, https:\/\/www.cssr.news\/spanish\/wp-content\/uploads\/sites\/3\/2026\/09\/sn260902-kiev-m-raczk-300x225.jpeg 300w, https:\/\/www.cssr.news\/spanish\/wp-content\/uploads\/sites\/3\/2026\/09\/sn260902-kiev-m-raczk-768x576.jpeg 768w, https:\/\/www.cssr.news\/spanish\/wp-content\/uploads\/sites\/3\/2026\/09\/sn260902-kiev-m-raczk-1536x1152.jpeg 1536w, https:\/\/www.cssr.news\/spanish\/wp-content\/uploads\/sites\/3\/2026\/09\/sn260902-kiev-m-raczk-80x60.jpeg 80w, https:\/\/www.cssr.news\/spanish\/wp-content\/uploads\/sites\/3\/2026\/09\/sn260902-kiev-m-raczk-265x198.jpeg 265w, https:\/\/www.cssr.news\/spanish\/wp-content\/uploads\/sites\/3\/2026\/09\/sn260902-kiev-m-raczk-696x522.jpeg 696w, https:\/\/www.cssr.news\/spanish\/wp-content\/uploads\/sites\/3\/2026\/09\/sn260902-kiev-m-raczk-1068x801.jpeg 1068w, https:\/\/www.cssr.news\/spanish\/wp-content\/uploads\/sites\/3\/2026\/09\/sn260902-kiev-m-raczk-560x420.jpeg 560w, https:\/\/www.cssr.news\/spanish\/wp-content\/uploads\/sites\/3\/2026\/09\/sn260902-kiev-m-raczk.jpeg 2000w\" sizes=\"(max-width: 1024px) 100vw, 1024px\" \/><\/a><\/figure><\/li><\/ul><\/figure>\n\n\n\n<p>&#8220;Me encuentro en Kiev, en la invitaci\u00f3n que nos ha hecho el Presidente en gratitud a la solidaridad que hemos tenido estos a\u00f1os desde la parroquia del Sant\u00edsimo Redentor de Madrid, desde la Asociaci\u00f3n Acoger y Compartir, con los amigos de Ayuda Contenedores de Pamplona y tantos amigos de todo el mundo que est\u00e1n ayudando a que Ucrania salga adelante&#8221;, explic\u00f3 el p. Jos\u00e9 Miguel de Haro.<\/p>\n\n\n\n<div class=\"wp-block-image\"><figure class=\"aligncenter size-large\"><a href=\"https:\/\/www.cssr.news\/spanish\/wp-content\/uploads\/sites\/3\/2026\/09\/P-Jose-Miguel-Kiev-thb.jpg\"><img width=\"360\" height=\"640\" src=\"https:\/\/www.cssr.news\/spanish\/wp-content\/uploads\/sites\/3\/2026\/09\/P-Jose-Miguel-Kiev-thb.jpg\" alt=\"\" class=\"wp-image-32674\" srcset=\"https:\/\/www.cssr.news\/spanish\/wp-content\/uploads\/sites\/3\/2026\/09\/P-Jose-Miguel-Kiev-thb.jpg 360w, https:\/\/www.cssr.news\/spanish\/wp-content\/uploads\/sites\/3\/2026\/09\/P-Jose-Miguel-Kiev-thb-169x300.jpg 169w, https:\/\/www.cssr.news\/spanish\/wp-content\/uploads\/sites\/3\/2026\/09\/P-Jose-Miguel-Kiev-thb-236x420.jpg 236w\" sizes=\"(max-width: 360px) 100vw, 360px\" \/><\/a><figcaption><a href=\"https:\/\/youtube.com\/shorts\/UUEgScIYmv0\">Ver video en YouTube<\/a><\/figcaption><\/figure><\/div>\n\n\n\n<p>&#8220;Aprovecho para dar las gracias y decir que un grano no hace granero, pero ayuda al compa\u00f1ero&#8221;, a\u00f1adi\u00f3 el p. Jos\u00e9 Miguel, convencido del sentido que trasciende lo material en la solidaridad. &#8220;Tanta gente buena que quiere hacer el bien hace que podamos creer en la dignidad y en el ser humano, pero tambi\u00e9n en que es posible la paz. La paz para Ucrania.&#8221;<\/p>\n\n\n\n<h4>Una participaci\u00f3n internacional<\/h4>\n\n\n\n<p>Al evento asistieron tambi\u00e9n el Presidente de Lituania, Gitanas Naus\u0117da, la primera ministra de Estonia, Kristen Michal, senadores y miembros del Congreso de EE. UU., representantes extranjeros, funcionarios gubernamentales, diputados, militares ucranianos, figuras p\u00fablicas y cl\u00e9rigos. M\u00e1s de 1.500 personas participaron en el evento, incluyendo 670 invitados extranjeros de 17 pa\u00edses.<\/p>\n\n\n\n<p>Scala News<\/p>\n\n\n\n<p>video oficial: <a href=\"https:\/\/youtu.be\/e48gXwvPB40?si=sLOJEv1ReaZ0gtSY\">https:\/\/youtu.be\/e48gXwvPB40?si=sLOJEv1ReaZ0gtSY<\/a><\/p>\n\n\n\n<p>galeria foto por Iurii Strokan: <a href=\"https:\/\/strokanphoto.pixieset.com\/nacionalniimolitovniisnidanok\/\">https:\/\/strokanphoto.pixieset.com\/nacionalniimolitovniisnidanok\/<\/a><\/p>\n","protected":false},"excerpt":{"rendered":"<p>La parroquia redentorista del Sant\u00edsimo Redentor de Madrid estuvo representada en Kiev, el 23 de agosto, en el Desayuno de Oraci\u00f3n Nacional por Ucrania y en el Foro internacional &#8220;35 a\u00f1os de fe y libertad&#8221;, eventos organizados por las autoridades ucranianas y en los que participaron representantes de numerosas organizaciones no gubernamentales y delegaciones internacionales [&hellip;]<\/p>\n","protected":false},"author":23,"featured_media":32657,"comment_status":"closed","ping_status":"closed","sticky":false,"template":"","format":"standard","meta":[],"categories":[12],"tags":[],"_links":{"self":[{"href":"https:\/\/www.cssr.news\/spanish\/wp-json\/wp\/v2\/posts\/32656"}],"collection":[{"href":"https:\/\/www.cssr.news\/spanish\/wp-json\/wp\/v2\/posts"}],"about":[{"href":"https:\/\/www.cssr.news\/spanish\/wp-json\/wp\/v2\/types\/post"}],"author":[{"embeddable":true,"href":"https:\/\/www.cssr.news\/spanish\/wp-json\/wp\/v2\/users\/23"}],"replies":[{"embeddable":true,"href":"https:\/\/www.cssr.news\/spanish\/wp-json\/wp\/v2\/comments?post=32656"}],"version-history":[{"count":9,"href":"https:\/\/www.cssr.news\/spanish\/wp-json\/wp\/v2\/posts\/32656\/revisions"}],"predecessor-version":[{"id":32680,"href":"https:\/\/www.cssr.news\/spanish\/wp-json\/wp\/v2\/posts\/32656\/revisions\/32680"}],"wp:featuredmedia":[{"embeddable":true,"href":"https:\/\/www.cssr.news\/spanish\/wp-json\/wp\/v2\/media\/32657"}],"wp:attachment":[{"href":"https:\/\/www.cssr.news\/spanish\/wp-json\/wp\/v2\/media?parent=32656"}],"wp:term":[{"taxonomy":"category","embeddable":true,"href":"https:\/\/www.cssr.news\/spanish\/wp-json\/wp\/v2\/categories?post=32656"},{"taxonomy":"post_tag","embeddable":true,"href":"https:\/\/www.cssr.news\/spanish\/wp-json\/wp\/v2\/tags?post=32656"}],"curies":[{"name":"wp","href":"https:\/\/api.w.org\/{rel}","templated":true}]}}