{"id":32700,"date":"2026-09-04T10:45:49","date_gmt":"2026-09-04T08:45:49","guid":{"rendered":"https:\/\/www.cssr.news\/spanish\/?p=32700"},"modified":"2026-09-04T10:45:51","modified_gmt":"2026-09-04T08:45:51","slug":"la-cadena-de-television-redemptorist-mission-common-home-es-premiada-por-catholic-press-awards","status":"publish","type":"post","link":"https:\/\/www.cssr.news\/spanish\/2026\/09\/la-cadena-de-television-redemptorist-mission-common-home-es-premiada-por-catholic-press-awards\/","title":{"rendered":"La cadena de televisi\u00f3n Redemptorist Mission Common Home es premiada por Catholic Press Awards"},"content":{"rendered":"\n<p>Common Home TV recibi\u00f3 reconocimientos en tres categor\u00edas en los Premios de la Asociaci\u00f3n de Prensa Cat\u00f3lica de Australasia 2026, celebrados en Christchurch, Nueva Zelanda, como parte de una conferencia de dos d\u00edas centrada en el mensaje del Papa Le\u00f3n XIV para el 60.\u00ba D\u00eda Mundial de las Comunicaciones Sociales: \u00abPreservar las voces y los rostros humanos\u00bb.<\/p>\n\n\n\n<p><strong>Mejor Maquetaci\u00f3n y Dise\u00f1o Online \u2014 Ganador<\/strong><br>Common Home TV se alz\u00f3 con el premio a <em>Mejor Maquetaci\u00f3n y Dise\u00f1o Online<\/em>. El jurado elogi\u00f3 el sitio por adoptar el lenguaje visual de plataformas de streaming de gran renombre y adaptarlo a una audiencia cat\u00f3lica, un enfoque que calificaron como un ejemplo excepcional de c\u00f3mo los medios de comunicaci\u00f3n religiosos pueden utilizar las convenciones de dise\u00f1o convencionales para sus propios fines.<\/p>\n\n\n\n<p><strong>Di\u00e1logo Interreligioso en Tiempos de Guerra y Trauma \u2014 Menci\u00f3n Honor\u00edfica<\/strong><br>Common Home TV tambi\u00e9n recibi\u00f3 una Menci\u00f3n Honor\u00edfica por <em>\u00abDi\u00e1logo Interreligioso en Tiempos de Guerra y Trauma\u00bb,<\/em> en reconocimiento a su entrevista con la educadora jud\u00eda israel\u00ed por la paz, Hanna Bendcowsky. La entrevista form\u00f3 parte de la serie m\u00e1s amplia de Common Home TV, &#8220;A la sombra de Tierra Santa&#8221;, que tambi\u00e9n cont\u00f3 con la participaci\u00f3n del hermano Peter Bray y Sami El-Yousef, director ejecutivo del Patriarcado Latino de Jerusal\u00e9n.<\/p>\n\n\n\n<p>El jurado la calific\u00f3 como la iniciativa m\u00e1s valiente de todas las presentadas en la categor\u00eda, destacando que incluir una voz jud\u00eda israel\u00ed junto a voces cristianas palestinas en la misma serie es una decisi\u00f3n editorial que la mayor\u00eda de los medios no tomar\u00edan. La describieron como un trabajo ambicioso sobre la historia de justicia m\u00e1s dif\u00edcil del mundo, aunque el premio reconoci\u00f3 espec\u00edficamente la entrevista a Bendcowsky, y no la serie en su conjunto.<\/p>\n\n\n\n<p>El productor ejecutivo de Common Home TV, Matthew Howard, afirm\u00f3 que la decisi\u00f3n de incluir una voz israel\u00ed era coherente con la misi\u00f3n del medio. &#8220;Nunca dudar\u00edamos en escuchar las voces israel\u00edes en esta situaci\u00f3n traum\u00e1tica&#8221;, declar\u00f3. No nos basamos en ning\u00fan partido pol\u00edtico, sino en la doctrina social cat\u00f3lica y la tradici\u00f3n redentorista de la paz. Esto nos permite centrarnos no en las divisiones partidistas, sino en la dignidad de todo el pueblo de Dios y en la b\u00fasqueda de justicia para todos ellos, independientemente de su raza, religi\u00f3n o afiliaci\u00f3n.<\/p>\n\n\n\n<p><strong>Mejor Uso de Medios Digitales \u2014 Finalista<\/strong><br>Common Home TV fue finalista en la categor\u00eda de <em>Mejor Uso de Medios Digitales<\/em>. El jurado destac\u00f3 la notable amplitud de temas e ideas, un dise\u00f1o intuitivo y su enfoque en videos cortos digitales adaptados a las tendencias de consumo actuales; un excelente resultado considerando el reducido tama\u00f1o del equipo productor.<\/p>\n\n\n\n<p>La entrega de premios puso el broche de oro a una conferencia en la que Broken Bay News tambi\u00e9n se alz\u00f3 con el m\u00e1ximo galard\u00f3n de la noche, el Premio Conmemorativo Obispo Philip Kennedy a la Excelencia General. \u00a1Enhorabuena a ellos y a todos los involucrados! Common Home TV obtuvo tres premios compitiendo con este prestigioso equipo.<\/p>\n\n\n\n<p>(cssr.org.au)<\/p>\n","protected":false},"excerpt":{"rendered":"<p>Common Home TV recibi\u00f3 reconocimientos en tres categor\u00edas en los Premios de la Asociaci\u00f3n de Prensa Cat\u00f3lica de Australasia 2026, celebrados en Christchurch, Nueva Zelanda, como parte de una conferencia de dos d\u00edas centrada en el mensaje del Papa Le\u00f3n XIV para el 60.\u00ba D\u00eda Mundial de las Comunicaciones Sociales: \u00abPreservar las voces y los [&hellip;]<\/p>\n","protected":false},"author":3,"featured_media":32701,"comment_status":"closed","ping_status":"closed","sticky":false,"template":"","format":"standard","meta":[],"categories":[2],"tags":[],"_links":{"self":[{"href":"https:\/\/www.cssr.news\/spanish\/wp-json\/wp\/v2\/posts\/32700"}],"collection":[{"href":"https:\/\/www.cssr.news\/spanish\/wp-json\/wp\/v2\/posts"}],"about":[{"href":"https:\/\/www.cssr.news\/spanish\/wp-json\/wp\/v2\/types\/post"}],"author":[{"embeddable":true,"href":"https:\/\/www.cssr.news\/spanish\/wp-json\/wp\/v2\/users\/3"}],"replies":[{"embeddable":true,"href":"https:\/\/www.cssr.news\/spanish\/wp-json\/wp\/v2\/comments?post=32700"}],"version-history":[{"count":1,"href":"https:\/\/www.cssr.news\/spanish\/wp-json\/wp\/v2\/posts\/32700\/revisions"}],"predecessor-version":[{"id":32702,"href":"https:\/\/www.cssr.news\/spanish\/wp-json\/wp\/v2\/posts\/32700\/revisions\/32702"}],"wp:featuredmedia":[{"embeddable":true,"href":"https:\/\/www.cssr.news\/spanish\/wp-json\/wp\/v2\/media\/32701"}],"wp:attachment":[{"href":"https:\/\/www.cssr.news\/spanish\/wp-json\/wp\/v2\/media?parent=32700"}],"wp:term":[{"taxonomy":"category","embeddable":true,"href":"https:\/\/www.cssr.news\/spanish\/wp-json\/wp\/v2\/categories?post=32700"},{"taxonomy":"post_tag","embeddable":true,"href":"https:\/\/www.cssr.news\/spanish\/wp-json\/wp\/v2\/tags?post=32700"}],"curies":[{"name":"wp","href":"https:\/\/api.w.org\/{rel}","templated":true}]}}