{"id":3799,"date":"2017-05-25T07:56:41","date_gmt":"2017-05-25T07:56:41","guid":{"rendered":"http:\/\/www.cssr.news\/spanish\/?p=3799"},"modified":"2017-05-26T11:09:33","modified_gmt":"2017-05-26T11:09:33","slug":"invito-del-tobin-a-reflexionar-sobre-la-reforma-migratoria","status":"publish","type":"post","link":"https:\/\/www.cssr.news\/spanish\/2017\/05\/invito-del-tobin-a-reflexionar-sobre-la-reforma-migratoria\/","title":{"rendered":"Invito del Cardenal Tobin a reflexionar sobre la reforma migratoria"},"content":{"rendered":"<p>BROOKLYN, N.Y. &#8211; El cardenal Joseph Tobin Newark ha dicho que ha apoyado una manifestaci\u00f3n a favor del inmigrante mexicano Catalino Guerrero, que fue amenazado con una posible deportaci\u00f3n en marzo, debido a que un cristiano cree que &#8220;Dios ha compartido su solidaridad con todas las situaciones humanas&#8221; con el ejemplo de Jes\u00fas.<\/p>\n<p>Al lado de los que est\u00e1n amenazados con la expulsi\u00f3n &#8220;damos un rostro a las personas que con frecuencia se deshumanizan&#8221;, dijo a cientos de periodistas y profesionales reunidos para la Jornada Mundial de las Comunicaciones patrocinado por el De Sales Media Group de la Di\u00f3cesis de Brooklyn el 17 de mayo.<\/p>\n<p>Tobin, miembro de la comunidad redentorista, fue nombrado cardenal de Newark por el Papa Francisco en noviembre pasado, ha criticado los retratos que aparecen en los medios de comunicaci\u00f3n de los inmigrantes, muchos aprovechan &#8220;noticias basadas en el miedo&#8221; que muestran solo criminales violentos.<\/p>\n<p>&#8220;El miedo no puede tener la \u00faltima palabra&#8221;, dijo.<\/p>\n<p><a href=\"http:\/\/www.cssr.news\/spanish\/wp-content\/uploads\/sites\/3\/2017\/05\/tobin_newark_may18_01.jpg\"><img class=\"alignnone size-full wp-image-3801\" src=\"http:\/\/www.cssr.news\/spanish\/wp-content\/uploads\/sites\/3\/2017\/05\/tobin_newark_may18_01.jpg\" alt=\"\" width=\"920\" height=\"469\" srcset=\"https:\/\/www.cssr.news\/spanish\/wp-content\/uploads\/sites\/3\/2017\/05\/tobin_newark_may18_01.jpg 920w, https:\/\/www.cssr.news\/spanish\/wp-content\/uploads\/sites\/3\/2017\/05\/tobin_newark_may18_01-300x153.jpg 300w, https:\/\/www.cssr.news\/spanish\/wp-content\/uploads\/sites\/3\/2017\/05\/tobin_newark_may18_01-768x392.jpg 768w, https:\/\/www.cssr.news\/spanish\/wp-content\/uploads\/sites\/3\/2017\/05\/tobin_newark_may18_01-696x355.jpg 696w, https:\/\/www.cssr.news\/spanish\/wp-content\/uploads\/sites\/3\/2017\/05\/tobin_newark_may18_01-824x420.jpg 824w\" sizes=\"(max-width: 920px) 100vw, 920px\" \/><\/a><\/p>\n<p>Tobin ha criticado al presidente Donald Trump y republicanos en el Congreso, que tienen el poder de promulgar una reforma migratoria que proporcionar\u00eda un camino hacia la ciudadan\u00eda para las personas como Guerrero, hombre de 59 a\u00f1os, padre de cuatro hijos y abuelo de cuatro nietos. Reside en Union City, Nueva Jersey, y tiene diabetes.<\/p>\n<p>&#8220;Tienen que creerme, se est\u00e1 infligiendo crueldad contra personas inocentes&#8221;, dijo. &#8220;El Congreso y el presidente si quisieran, podr\u00edan aprobar una reforma migratoria ma\u00f1ana mismo. Podr\u00edan hacer que 12 millones de personas vivan al abierto, si quisieran&#8221;, dijo.<\/p>\n<p>\u00c9l reconoce que su apoyo a Guerrero, que vino de M\u00e9xico a los Estados Unidos en 1991, se hizo m\u00e1s fuerte por su posici\u00f3n como un nuevo cardenal de Newark. Sin embargo, subray\u00f3 que esta era ya una posici\u00f3n que tom\u00f3 como p\u00e1rroco en Chicago y su Detroit natal. Tobin desafi\u00f3 a los l\u00edderes de la Iglesia y a los pol\u00edticos a hacer lo mismo. A Guerrero, que nunca ha sido acusado de ning\u00fan delito distinto de las leyes de inmigraci\u00f3n, se le ha concedido un a\u00f1o para la deportaci\u00f3n.<\/p>\n<p>Apoyar p\u00fablicamente a Guerrero, dijo Tobin, es &#8220;un s\u00edmbolo que comunica esperanza, de que la Iglesia no vive en una torre de marfil, que nuestra fe no se ha privatizado&#8221;.<\/p>\n<p>Los l\u00edderes de la Iglesia que est\u00e1n al lado de los inmigrantes siguen el ejemplo de Papa Francisco, dijo, e indic\u00f3 que la primera visita oficial del Papa fue a la isla italiana de Lampedusa, un hogar temporal para los refugiados. Las aguas cercanas a la isla son aquellas donde miles de inmigrantes de \u00c1frica han muerto tratando de llegar a Europa. La isla se ha convertido en un s\u00edmbolo de la crisis mundial de los refugiados a la que Francisco se dirige con frecuencia.<\/p>\n<p>Peter Feuerherd, Mayo. 18, 2017<\/p>\n<p>[Peter Feuerherd es un corresponsal de la NCR\u2019s Field Hospital que escribe sobre la vida parroquial y es profesor de periodismo en la St. John\u2019s University, New York.]<\/p>\n<p>(tomado de www.ncronline.org)<\/p>\n<p>Aqu\u00ed su Eminencia Joseph W. Cardinal Tobin hablando en el World Communications Day, se puede ver el video completo:<\/p>\n<p><iframe width=\"696\" height=\"392\" src=\"https:\/\/www.youtube.com\/embed\/PYuPUO0FsN4?feature=oembed\" frameborder=\"0\" gesture=\"media\" allowfullscreen><\/iframe><\/p>\n","protected":false},"excerpt":{"rendered":"<p>BROOKLYN, N.Y. &#8211; El cardenal Joseph Tobin Newark ha dicho que ha apoyado una manifestaci\u00f3n a favor del inmigrante mexicano Catalino Guerrero, que fue amenazado con una posible deportaci\u00f3n en marzo, debido a que un cristiano cree que &#8220;Dios ha compartido su solidaridad con todas las situaciones humanas&#8221; con el ejemplo de Jes\u00fas. Al lado [&hellip;]<\/p>\n","protected":false},"author":3,"featured_media":3800,"comment_status":"closed","ping_status":"closed","sticky":false,"template":"","format":"standard","meta":[],"categories":[15],"tags":[],"_links":{"self":[{"href":"https:\/\/www.cssr.news\/spanish\/wp-json\/wp\/v2\/posts\/3799"}],"collection":[{"href":"https:\/\/www.cssr.news\/spanish\/wp-json\/wp\/v2\/posts"}],"about":[{"href":"https:\/\/www.cssr.news\/spanish\/wp-json\/wp\/v2\/types\/post"}],"author":[{"embeddable":true,"href":"https:\/\/www.cssr.news\/spanish\/wp-json\/wp\/v2\/users\/3"}],"replies":[{"embeddable":true,"href":"https:\/\/www.cssr.news\/spanish\/wp-json\/wp\/v2\/comments?post=3799"}],"version-history":[{"count":2,"href":"https:\/\/www.cssr.news\/spanish\/wp-json\/wp\/v2\/posts\/3799\/revisions"}],"predecessor-version":[{"id":3820,"href":"https:\/\/www.cssr.news\/spanish\/wp-json\/wp\/v2\/posts\/3799\/revisions\/3820"}],"wp:featuredmedia":[{"embeddable":true,"href":"https:\/\/www.cssr.news\/spanish\/wp-json\/wp\/v2\/media\/3800"}],"wp:attachment":[{"href":"https:\/\/www.cssr.news\/spanish\/wp-json\/wp\/v2\/media?parent=3799"}],"wp:term":[{"taxonomy":"category","embeddable":true,"href":"https:\/\/www.cssr.news\/spanish\/wp-json\/wp\/v2\/categories?post=3799"},{"taxonomy":"post_tag","embeddable":true,"href":"https:\/\/www.cssr.news\/spanish\/wp-json\/wp\/v2\/tags?post=3799"}],"curies":[{"name":"wp","href":"https:\/\/api.w.org\/{rel}","templated":true}]}}