{"id":3803,"date":"2017-05-25T10:01:29","date_gmt":"2017-05-25T10:01:29","guid":{"rendered":"http:\/\/www.cssr.news\/spanish\/?p=3803"},"modified":"2017-05-25T10:01:29","modified_gmt":"2017-05-25T10:01:29","slug":"la-comunidad-redentorista-se-une-en-oracion-con-marawi-filipinas","status":"publish","type":"post","link":"https:\/\/www.cssr.news\/spanish\/2017\/05\/la-comunidad-redentorista-se-une-en-oracion-con-marawi-filipinas\/","title":{"rendered":"La Comunidad Redentorista se une en Oraci\u00f3n con Marawi, Filipinas"},"content":{"rendered":"<p style=\"text-align: center;\"><em>Foto de Angel De Mesa\/Baretang Bikolnon<\/em><\/p>\n<p>CIUDAD DE LEGAZPI, mayo 25, 2017 &#8211; La comunidad redentorista y las organizaciones de j\u00f3venes ofrecieron oraciones y encendieron velas a tempranas horas en la Iglesia Redentorista para unirsi con Marawi.<\/p>\n<p>Las oraciones fueron por Mindanao que recientemente ha sido declarada bajo la Ley Marcial y por la Ciudad de Marawi que ha sido ocupada y amenazada por el presunto grupo terrorista Maute. Algunos Albayanos durante la ceremonia simb\u00f3lica se unieron sin tener en cuenta la brecha religiosa y las tradiciones religiosas.<\/p>\n<figure id=\"attachment_3805\" aria-describedby=\"caption-attachment-3805\" style=\"width: 699px\" class=\"wp-caption alignnone\"><a href=\"http:\/\/www.cssr.news\/spanish\/wp-content\/uploads\/sites\/3\/2017\/05\/cssr_for_marawi02.jpg\"><img class=\"wp-image-3805 size-full\" src=\"http:\/\/www.cssr.news\/spanish\/wp-content\/uploads\/sites\/3\/2017\/05\/cssr_for_marawi02.jpg\" alt=\"\" width=\"699\" height=\"525\" srcset=\"https:\/\/www.cssr.news\/spanish\/wp-content\/uploads\/sites\/3\/2017\/05\/cssr_for_marawi02.jpg 699w, https:\/\/www.cssr.news\/spanish\/wp-content\/uploads\/sites\/3\/2017\/05\/cssr_for_marawi02-300x225.jpg 300w, https:\/\/www.cssr.news\/spanish\/wp-content\/uploads\/sites\/3\/2017\/05\/cssr_for_marawi02-80x60.jpg 80w, https:\/\/www.cssr.news\/spanish\/wp-content\/uploads\/sites\/3\/2017\/05\/cssr_for_marawi02-265x198.jpg 265w, https:\/\/www.cssr.news\/spanish\/wp-content\/uploads\/sites\/3\/2017\/05\/cssr_for_marawi02-696x523.jpg 696w, https:\/\/www.cssr.news\/spanish\/wp-content\/uploads\/sites\/3\/2017\/05\/cssr_for_marawi02-559x420.jpg 559w\" sizes=\"(max-width: 699px) 100vw, 699px\" \/><\/a><figcaption id=\"caption-attachment-3805\" class=\"wp-caption-text\">Foto de Angel De Mesa\/Baretang Bikolnon<\/figcaption><\/figure>\n<p>Despu\u00e9s de la declaraci\u00f3n de la ley marcial en Mindanao, las campa\u00f1as de oraci\u00f3n est\u00e1n inundando Filipinas para pedir por la seguridad de las personas afectadas en estos lugares. Sin embargo, hay mucha preocupaci\u00f3n por las violaciones de los derechos humanos registrados a causa del efecto de la declaraci\u00f3n. (BaretangBikolnon.com)<\/p>\n<p>M\u00e1s noticias sobre esto:<\/p>\n<p><strong>FILIPINAS &#8211; Ley marcial en Mindanao: un sacerdote y 15 fieles secuestrados, la catedral de Marawi destruida<\/strong><\/p>\n<p>Marawi City (Fides) \u2013Los terroristas del grupo islamista \u201cMaute\u201d, el cual se proclama relacionado con el Estado Isl\u00e1mico \u201chan atacado la catedral cat\u00f3lica de Marawi City, y han secuestrado a unos 15 fieles, entre ellos un sacerdote, algunas religiosas y varios laicos que estaban rezando en la iglesia\u201d: as\u00ed lo confirma ala Agencia Fides el obispo Edwin de la Pena, que dirige la Prelatura territorial de Marawi city, ciudad en la isla de Mindanao, al sur de Filipinas.<br \/>\nAyer, alrededor de un centenar de activistas del grupo \u201cMaute\u201d ocuparon la ciudad y, en respuesta a ese acto de fuerza, el Presidente de Filipinas, Rodrigo Duterte ha impuesto la ley marcial en la isla de Mindanao.<\/p>\n<p><a href=\"http:\/\/www.cssr.news\/spanish\/wp-content\/uploads\/sites\/3\/2017\/05\/marawi_martial_law.jpg\"><img class=\"alignnone size-large wp-image-3806\" src=\"http:\/\/www.cssr.news\/spanish\/wp-content\/uploads\/sites\/3\/2017\/05\/marawi_martial_law-1024x694.jpg\" alt=\"\" width=\"640\" height=\"434\" srcset=\"https:\/\/www.cssr.news\/spanish\/wp-content\/uploads\/sites\/3\/2017\/05\/marawi_martial_law-1024x694.jpg 1024w, https:\/\/www.cssr.news\/spanish\/wp-content\/uploads\/sites\/3\/2017\/05\/marawi_martial_law-300x203.jpg 300w, https:\/\/www.cssr.news\/spanish\/wp-content\/uploads\/sites\/3\/2017\/05\/marawi_martial_law-768x521.jpg 768w, https:\/\/www.cssr.news\/spanish\/wp-content\/uploads\/sites\/3\/2017\/05\/marawi_martial_law-696x472.jpg 696w, https:\/\/www.cssr.news\/spanish\/wp-content\/uploads\/sites\/3\/2017\/05\/marawi_martial_law-1068x724.jpg 1068w, https:\/\/www.cssr.news\/spanish\/wp-content\/uploads\/sites\/3\/2017\/05\/marawi_martial_law-619x420.jpg 619w\" sizes=\"(max-width: 640px) 100vw, 640px\" \/><\/a><br \/>\nEl Obispo explica a Fides: \u201cHoy es la fiesta de nuestra Prelatura, la fiesta de &#8216;Mar\u00eda Auxiliadora&#8217;. Los fieles se encontraban en la iglesia para rezar a Mar\u00eda en el \u00faltimo d\u00eda de la novena. Los terroristas han irrumpido en la iglesia, llev\u00e1ndose a todos como rehenes a un lugar desconocido. Han entrado tambi\u00e9n en la residencia del obispo y secuestrado al vicario general, el p. Teresito Soganub. Luego han prendido fuego a la catedral y al obispado. Todo est\u00e1 destruido. Estamos consternados\u201d.<br \/>\nEl obispo se ha salvado porque ayer estaba de visita pastoral en la parroquia de un pueblo que se encuentra fuera de Marawi. \u201cLos terroristas han ocupado la ciudad. La gente est\u00e1 aterrorizada y encerrada en sus casas. Ahora estamos a la espera de la reacci\u00f3n del ej\u00e9rcito. Por ahora se trata solo de retomar la ciudad con el menor derramamiento de sangre posible. De los rehenes no se habla. Hemos activado nuestros canales, la Iglesia, los l\u00edderes isl\u00e1micos y esperamos comenzar pronto las negociaciones para que sean liberados sanos y salvos\u201d, dice, se\u00f1alando que en los \u00faltimos meses, la iglesia ha recibido amenazas.<br \/>\n\u201cHa sucedi\u00f3 precisamente en la v\u00edspera de la fiesta de Mar\u00eda: a ella le pedimos ayuda. A ella, que es el auxilio de los cristianos, le pedimos por la salvaci\u00f3n de nuestro fieles. S\u00f3lo ella puede venir en nuestro rescate &#8211; dice el obispo-. Tambi\u00e9n hacemos un llamamiento al Papa Francisco para que rece por nosotros y para que pida a los terroristas que liberen a los rehenes, en nombre de nuestra humanidad com\u00fan. La violencia y el odio s\u00f3lo traen destrucci\u00f3n: pedimos tambi\u00e9n a los fieles de todo el mundo que recen con nosotros por la paz\u201d.<\/p>\n<p><a href=\"http:\/\/www.cssr.news\/spanish\/wp-content\/uploads\/sites\/3\/2017\/05\/marawi_martial_law_pray.jpg\"><img class=\"alignnone size-large wp-image-3807\" src=\"http:\/\/www.cssr.news\/spanish\/wp-content\/uploads\/sites\/3\/2017\/05\/marawi_martial_law_pray-1024x577.jpg\" alt=\"\" width=\"640\" height=\"361\" srcset=\"https:\/\/www.cssr.news\/spanish\/wp-content\/uploads\/sites\/3\/2017\/05\/marawi_martial_law_pray-1024x577.jpg 1024w, https:\/\/www.cssr.news\/spanish\/wp-content\/uploads\/sites\/3\/2017\/05\/marawi_martial_law_pray-300x169.jpg 300w, https:\/\/www.cssr.news\/spanish\/wp-content\/uploads\/sites\/3\/2017\/05\/marawi_martial_law_pray-768x433.jpg 768w, https:\/\/www.cssr.news\/spanish\/wp-content\/uploads\/sites\/3\/2017\/05\/marawi_martial_law_pray-696x392.jpg 696w, https:\/\/www.cssr.news\/spanish\/wp-content\/uploads\/sites\/3\/2017\/05\/marawi_martial_law_pray-1068x602.jpg 1068w, https:\/\/www.cssr.news\/spanish\/wp-content\/uploads\/sites\/3\/2017\/05\/marawi_martial_law_pray-746x420.jpg 746w, https:\/\/www.cssr.news\/spanish\/wp-content\/uploads\/sites\/3\/2017\/05\/marawi_martial_law_pray.jpg 1136w\" sizes=\"(max-width: 640px) 100vw, 640px\" \/><\/a><br \/>\nMientras tanto, en respuesta al ataque, el presidente Duterte ha interrumpido su visita a Mosc\u00fa para regresar a Filipinas y hacer frente a la crisis. El grupo atrincherado en Marawi, ha incendiado incluso la c\u00e1rcel y dos escuelas, pero ahora el ej\u00e9rcito rodea la ciudad. El alcalde de Marawi ha pedido a los militares que no bombardeen la ciudad donde viven unos 200 mil civiles, en su mayor\u00eda musulmanes. (Agencia Fides 24\/5\/2017)<\/p>\n","protected":false},"excerpt":{"rendered":"<p>Foto de Angel De Mesa\/Baretang Bikolnon CIUDAD DE LEGAZPI, mayo 25, 2017 &#8211; La comunidad redentorista y las organizaciones de j\u00f3venes ofrecieron oraciones y encendieron velas a tempranas horas en la Iglesia Redentorista para unirsi con Marawi. Las oraciones fueron por Mindanao que recientemente ha sido declarada bajo la Ley Marcial y por la Ciudad [&hellip;]<\/p>\n","protected":false},"author":3,"featured_media":3804,"comment_status":"closed","ping_status":"closed","sticky":false,"template":"","format":"standard","meta":[],"categories":[12],"tags":[],"_links":{"self":[{"href":"https:\/\/www.cssr.news\/spanish\/wp-json\/wp\/v2\/posts\/3803"}],"collection":[{"href":"https:\/\/www.cssr.news\/spanish\/wp-json\/wp\/v2\/posts"}],"about":[{"href":"https:\/\/www.cssr.news\/spanish\/wp-json\/wp\/v2\/types\/post"}],"author":[{"embeddable":true,"href":"https:\/\/www.cssr.news\/spanish\/wp-json\/wp\/v2\/users\/3"}],"replies":[{"embeddable":true,"href":"https:\/\/www.cssr.news\/spanish\/wp-json\/wp\/v2\/comments?post=3803"}],"version-history":[{"count":1,"href":"https:\/\/www.cssr.news\/spanish\/wp-json\/wp\/v2\/posts\/3803\/revisions"}],"predecessor-version":[{"id":3808,"href":"https:\/\/www.cssr.news\/spanish\/wp-json\/wp\/v2\/posts\/3803\/revisions\/3808"}],"wp:featuredmedia":[{"embeddable":true,"href":"https:\/\/www.cssr.news\/spanish\/wp-json\/wp\/v2\/media\/3804"}],"wp:attachment":[{"href":"https:\/\/www.cssr.news\/spanish\/wp-json\/wp\/v2\/media?parent=3803"}],"wp:term":[{"taxonomy":"category","embeddable":true,"href":"https:\/\/www.cssr.news\/spanish\/wp-json\/wp\/v2\/categories?post=3803"},{"taxonomy":"post_tag","embeddable":true,"href":"https:\/\/www.cssr.news\/spanish\/wp-json\/wp\/v2\/tags?post=3803"}],"curies":[{"name":"wp","href":"https:\/\/api.w.org\/{rel}","templated":true}]}}