{"id":3818,"date":"2017-05-26T11:24:58","date_gmt":"2017-05-26T11:24:58","guid":{"rendered":"http:\/\/www.cssr.news\/spanish\/?p=3818"},"modified":"2017-05-26T13:36:49","modified_gmt":"2017-05-26T13:36:49","slug":"solidaridad-con-venezuela-nuestra-vocacion-profetica-nos-lleva-denunciar","status":"publish","type":"post","link":"https:\/\/www.cssr.news\/spanish\/2017\/05\/solidaridad-con-venezuela-nuestra-vocacion-profetica-nos-lleva-denunciar\/","title":{"rendered":"&#8220;Solidaridad con Venezuela&#8221;, nuestra vocaci\u00f3n prof\u00e9tica nos lleva denunciar&#8230;"},"content":{"rendered":"<p>Los Redentoristas reunidos en la IV Asamblea de la Conferencia de Am\u00e9rica Latina y El Caribe, hemos publicado un comunicado sobre Venezuela que aqu\u00ed reproducimos completo.<\/p>\n<p style=\"text-align: center;\"><strong><em>SOLIDARIDAD CON VENEZUELA<\/em><\/strong><\/p>\n<p style=\"text-align: right;\"><strong><em>\u00a0<\/em><\/strong><strong><em>\u00a0<\/em><\/strong><strong><em>\u201cFelices los que trabajan por la Paz, porque ser\u00e1n<br \/>\n<\/em><\/strong><strong><em>Llamados hijos de Dios\u201d. Mt. 5,9<\/em><\/strong><\/p>\n<ol>\n<li>Los Misioneros Redentoristas, reunidos en la Conferencia de Am\u00e9rica Latina y el Caribe (Marianella \u2013 Colombia), en un ambiente de oraci\u00f3n y reflexi\u00f3n, tratamos de responder de manera creativa al proceso de restructuraci\u00f3n para vivir nuestra vocaci\u00f3n misionera con esperanza y fidelidad.<\/li>\n<\/ol>\n<p><strong><em>\u201cHe visto la aflicci\u00f3n de mi pueblo\u2026he escuchado su clamor\u2026estoy consciente de sus sufrimientos\u201d<\/em><\/strong>. Ex 3,7<\/p>\n<ol start=\"2\">\n<li>Como misioneros redentoristas no podemos cerrar los ojos ni los o\u00eddos, frente a lo que ocurre en Venezuela. Vemos con dolor el sufrimiento de tantos hermanos (as) ante la desmesurada violencia gubernamental. Nos preocupan las extremas medidas de presi\u00f3n social en las que muchas personas ponen en riesgo su propia integridad y su misma vida. Este prolongado conflicto est\u00e1 ocasionando heridas que ser\u00e1n dif\u00edciles de curar. Queridos hermanos: Su sufrimiento no nos es indiferente.<\/li>\n<\/ol>\n<p>&nbsp;<\/p>\n<ol start=\"3\">\n<li>Nuestra vocaci\u00f3n prof\u00e9tica nos lleva denunciar la intolerancia, el uso de la violencia, el enfrentamiento entre hermanos, la imposici\u00f3n a trav\u00e9s de la fuerza, el miedo, la persecuci\u00f3n y las detenciones: contrarios a la dignidad de toda persona y al ejercicio de sus derechos fundamentales.<\/li>\n<\/ol>\n<p>&nbsp;<\/p>\n<ol start=\"4\">\n<li>Esta espiral de violencia est\u00e1 acrecentando el dolor y el sufrimiento de este pueblo y no contribuye a la soluci\u00f3n de ning\u00fan problema. Adem\u00e1s, constituye un grave atentado a la vida, don sagrado de Dios.<\/li>\n<\/ol>\n<p>\u201c<strong><em>Testigos del Redentor, solidarios para la misi\u00f3n en un mundo herido.\u201d (Lema del XXV Cap\u00edtulo General) <\/em><\/strong><\/p>\n<p><strong>\u00a0<a href=\"http:\/\/www.cssr.news\/spanish\/wp-content\/uploads\/sites\/3\/2017\/05\/cssr_vzla.jpg\"><img class=\"alignnone size-full wp-image-3822\" src=\"http:\/\/www.cssr.news\/spanish\/wp-content\/uploads\/sites\/3\/2017\/05\/cssr_vzla.jpg\" alt=\"\" width=\"908\" height=\"280\" srcset=\"https:\/\/www.cssr.news\/spanish\/wp-content\/uploads\/sites\/3\/2017\/05\/cssr_vzla.jpg 908w, https:\/\/www.cssr.news\/spanish\/wp-content\/uploads\/sites\/3\/2017\/05\/cssr_vzla-300x93.jpg 300w, https:\/\/www.cssr.news\/spanish\/wp-content\/uploads\/sites\/3\/2017\/05\/cssr_vzla-768x237.jpg 768w, https:\/\/www.cssr.news\/spanish\/wp-content\/uploads\/sites\/3\/2017\/05\/cssr_vzla-696x215.jpg 696w\" sizes=\"(max-width: 908px) 100vw, 908px\" \/><\/a><\/strong><\/p>\n<p>&nbsp;<\/p>\n<ol start=\"5\">\n<li>Animados por la fuerza del Redentor, vencedor de la muerte y del pecado, expresamos nuestra solidaridad con nuestros cohermanos Redentoristas, con los Obispos, Sacerdotes, Religiosos (as) y cada uno de ustedes. Les alentamos a continuar cerca de su pueblo herido, gui\u00e1ndolo, acompa\u00f1\u00e1ndolo, como testigos de Dios que camina con nosotros.<\/li>\n<\/ol>\n<p>&nbsp;<\/p>\n<ol start=\"6\">\n<li>Tambi\u00e9n hacemos un llamado a todos los hombres y mujeres de buena voluntad, a ser constructores de la vida y la esperanza, a trabajar juntos para construir un Pa\u00eds, en donde se promueva una aut\u00e9ntica paz con justicia social.<\/li>\n<\/ol>\n<p>&nbsp;<\/p>\n<ol start=\"7\">\n<li>A quienes gobiernan les recordamos que nadie tiene el derecho de arrogarse todos los poderes, por mucha legitimidad que manifiesten. Los principios de independencia, separaci\u00f3n, coordinaci\u00f3n y cooperaci\u00f3n son fundamentales para la pervivencia de la democracia, de los derechos constitucionales y del bien com\u00fan.<\/li>\n<\/ol>\n<p>&nbsp;<\/p>\n<p><strong><em>\u201cNo hagan nada por rivalidad, ni por vanagloria, sino con humildad, considerando cada cual a los dem\u00e1s como superiores a si mismos, buscando cada cual no su propio inter\u00e9s, sino el de los dem\u00e1s\u201d<\/em><\/strong><strong> Fil 2,3-5<\/strong><\/p>\n<p>&nbsp;<\/p>\n<p>&nbsp;<\/p>\n<ol start=\"8\">\n<li>Jesucristo, quien pas\u00f3 su vida haciendo el bien y por amor entreg\u00f3 su vida por la vida de los dem\u00e1s, nos d\u00e9 a todos la capacidad de defender y cuidar la vida, de reconocernos hermanos e hijos del Padre, \u201c<em>creados a su imagen y semejanza de Dios\u201d<\/em> Gn 1,26. La primac\u00eda de la dignidad humana est\u00e1 por encima de las ideolog\u00edas.<\/li>\n<\/ol>\n<p><strong>\u00a0<\/strong><\/p>\n<ol start=\"9\">\n<li>Que el Dios de la vida y de la historia, ilumine a responsables pol\u00edticos, sociales y c\u00edvicos a tener el coraje de abandonar intereses mezquinos, ideologizados, partidarios o sectarios en la b\u00fasqueda de soluciones concretas, inclusivas y urgentes, que devuelvan a todos la esperanza de que otro \u201cPa\u00eds es posible\u201d.<\/li>\n<\/ol>\n<p>&nbsp;<\/p>\n<p>Les encomendamos a nuestra Madre del Perpetuo Socorro. Que ella nos sostenga siempre en la urgente tarea de construir la vida plena y abundante para todos.<\/p>\n<p>&nbsp;<\/p>\n<p>&nbsp;<\/p>\n<p>&nbsp;<\/p>\n","protected":false},"excerpt":{"rendered":"<p>Los Redentoristas reunidos en la IV Asamblea de la Conferencia de Am\u00e9rica Latina y El Caribe, hemos publicado un comunicado sobre Venezuela que aqu\u00ed reproducimos completo. SOLIDARIDAD CON VENEZUELA \u00a0\u00a0\u201cFelices los que trabajan por la Paz, porque ser\u00e1n Llamados hijos de Dios\u201d. Mt. 5,9 Los Misioneros Redentoristas, reunidos en la Conferencia de Am\u00e9rica Latina y [&hellip;]<\/p>\n","protected":false},"author":3,"featured_media":3826,"comment_status":"closed","ping_status":"closed","sticky":false,"template":"","format":"standard","meta":[],"categories":[12],"tags":[],"_links":{"self":[{"href":"https:\/\/www.cssr.news\/spanish\/wp-json\/wp\/v2\/posts\/3818"}],"collection":[{"href":"https:\/\/www.cssr.news\/spanish\/wp-json\/wp\/v2\/posts"}],"about":[{"href":"https:\/\/www.cssr.news\/spanish\/wp-json\/wp\/v2\/types\/post"}],"author":[{"embeddable":true,"href":"https:\/\/www.cssr.news\/spanish\/wp-json\/wp\/v2\/users\/3"}],"replies":[{"embeddable":true,"href":"https:\/\/www.cssr.news\/spanish\/wp-json\/wp\/v2\/comments?post=3818"}],"version-history":[{"count":3,"href":"https:\/\/www.cssr.news\/spanish\/wp-json\/wp\/v2\/posts\/3818\/revisions"}],"predecessor-version":[{"id":3825,"href":"https:\/\/www.cssr.news\/spanish\/wp-json\/wp\/v2\/posts\/3818\/revisions\/3825"}],"wp:featuredmedia":[{"embeddable":true,"href":"https:\/\/www.cssr.news\/spanish\/wp-json\/wp\/v2\/media\/3826"}],"wp:attachment":[{"href":"https:\/\/www.cssr.news\/spanish\/wp-json\/wp\/v2\/media?parent=3818"}],"wp:term":[{"taxonomy":"category","embeddable":true,"href":"https:\/\/www.cssr.news\/spanish\/wp-json\/wp\/v2\/categories?post=3818"},{"taxonomy":"post_tag","embeddable":true,"href":"https:\/\/www.cssr.news\/spanish\/wp-json\/wp\/v2\/tags?post=3818"}],"curies":[{"name":"wp","href":"https:\/\/api.w.org\/{rel}","templated":true}]}}