{"id":3828,"date":"2017-05-29T13:46:57","date_gmt":"2017-05-29T13:46:57","guid":{"rendered":"http:\/\/www.cssr.news\/spanish\/?p=3828"},"modified":"2017-05-29T16:31:30","modified_gmt":"2017-05-29T16:31:30","slug":"curso-de-espiritualidad-redentorista","status":"publish","type":"post","link":"https:\/\/www.cssr.news\/spanish\/2017\/05\/curso-de-espiritualidad-redentorista\/","title":{"rendered":"Curso de Espiritualidad Redentorista"},"content":{"rendered":"<p style=\"text-align: justify;\">Hoy, 29 de mayo, ha dado comienzo el Taller de Espiritualidad Redentorista que ofrece el Centro de la Espiritualidad de la Congregaci\u00f3n para los cohermanos de habla espa\u00f1ola y portuguesa. En \u00e9l est\u00e1n participando 24 cohermanos procedentes de la mayor parte de las Unidades de Am\u00e9rica Latina y el Caribe.<\/p>\n<p style=\"text-align: justify;\"><a href=\"http:\/\/www.cssr.news\/spanish\/wp-content\/uploads\/sites\/3\/2017\/05\/Spirituality-Course-SP-2.jpg\"><img class=\"aligncenter size-full wp-image-3830\" src=\"http:\/\/www.cssr.news\/spanish\/wp-content\/uploads\/sites\/3\/2017\/05\/Spirituality-Course-SP-2.jpg\" alt=\"\" width=\"1200\" height=\"800\" srcset=\"https:\/\/www.cssr.news\/spanish\/wp-content\/uploads\/sites\/3\/2017\/05\/Spirituality-Course-SP-2.jpg 1200w, https:\/\/www.cssr.news\/spanish\/wp-content\/uploads\/sites\/3\/2017\/05\/Spirituality-Course-SP-2-300x200.jpg 300w, https:\/\/www.cssr.news\/spanish\/wp-content\/uploads\/sites\/3\/2017\/05\/Spirituality-Course-SP-2-768x512.jpg 768w, https:\/\/www.cssr.news\/spanish\/wp-content\/uploads\/sites\/3\/2017\/05\/Spirituality-Course-SP-2-1024x683.jpg 1024w, https:\/\/www.cssr.news\/spanish\/wp-content\/uploads\/sites\/3\/2017\/05\/Spirituality-Course-SP-2-696x464.jpg 696w, https:\/\/www.cssr.news\/spanish\/wp-content\/uploads\/sites\/3\/2017\/05\/Spirituality-Course-SP-2-1068x712.jpg 1068w, https:\/\/www.cssr.news\/spanish\/wp-content\/uploads\/sites\/3\/2017\/05\/Spirituality-Course-SP-2-630x420.jpg 630w\" sizes=\"(max-width: 1200px) 100vw, 1200px\" \/><\/a>El P. Piotr Chy\u0142a, Presidente del Centro de Espiritualidad y animador del encuentro, ha dado comienzo a estas tres semanas recordando que se trata de una peregrinaci\u00f3n de renovaci\u00f3n espiritual y de vida fraterna. A continuaci\u00f3n, el P. Michael Brehl, en una eucarist\u00eda concelebrada por todos los miembros del Gobierno General y por los participantes en el encuentro, ha alentado a todos a acompa\u00f1ar a Mar\u00eda Perpetuo Socorro en la misi\u00f3n de hacer presente la abundante redenci\u00f3n de Cristo en medio del hombre sufriente de hoy.<\/p>\n<p style=\"text-align: justify;\"><a href=\"http:\/\/www.cssr.news\/spanish\/wp-content\/uploads\/sites\/3\/2017\/05\/Spirituality-Course-SP-3.jpg\"><img class=\"aligncenter size-full wp-image-3833\" src=\"http:\/\/www.cssr.news\/spanish\/wp-content\/uploads\/sites\/3\/2017\/05\/Spirituality-Course-SP-3.jpg\" alt=\"\" width=\"1200\" height=\"800\" srcset=\"https:\/\/www.cssr.news\/spanish\/wp-content\/uploads\/sites\/3\/2017\/05\/Spirituality-Course-SP-3.jpg 1200w, https:\/\/www.cssr.news\/spanish\/wp-content\/uploads\/sites\/3\/2017\/05\/Spirituality-Course-SP-3-300x200.jpg 300w, https:\/\/www.cssr.news\/spanish\/wp-content\/uploads\/sites\/3\/2017\/05\/Spirituality-Course-SP-3-768x512.jpg 768w, https:\/\/www.cssr.news\/spanish\/wp-content\/uploads\/sites\/3\/2017\/05\/Spirituality-Course-SP-3-1024x683.jpg 1024w, https:\/\/www.cssr.news\/spanish\/wp-content\/uploads\/sites\/3\/2017\/05\/Spirituality-Course-SP-3-696x464.jpg 696w, https:\/\/www.cssr.news\/spanish\/wp-content\/uploads\/sites\/3\/2017\/05\/Spirituality-Course-SP-3-1068x712.jpg 1068w, https:\/\/www.cssr.news\/spanish\/wp-content\/uploads\/sites\/3\/2017\/05\/Spirituality-Course-SP-3-630x420.jpg 630w\" sizes=\"(max-width: 1200px) 100vw, 1200px\" \/><\/a>A lo largo de las tres pr\u00f3ximas semanas ir\u00e1n recorriendo los lugares alfonsianos y disfrutando de encuentros de formaci\u00f3n, de convivencia y de celebraci\u00f3n. Nuestros mejores deseos.<\/p>\n","protected":false},"excerpt":{"rendered":"<p>Hoy, 29 de mayo, ha dado comienzo el Taller de Espiritualidad Redentorista que ofrece el Centro de la Espiritualidad de la Congregaci\u00f3n para los cohermanos de habla espa\u00f1ola y portuguesa. En \u00e9l est\u00e1n participando 24 cohermanos procedentes de la mayor parte de las Unidades de Am\u00e9rica Latina y el Caribe. El P. Piotr Chy\u0142a, Presidente [&hellip;]<\/p>\n","protected":false},"author":1,"featured_media":3829,"comment_status":"closed","ping_status":"closed","sticky":false,"template":"","format":"standard","meta":[],"categories":[21],"tags":[],"_links":{"self":[{"href":"https:\/\/www.cssr.news\/spanish\/wp-json\/wp\/v2\/posts\/3828"}],"collection":[{"href":"https:\/\/www.cssr.news\/spanish\/wp-json\/wp\/v2\/posts"}],"about":[{"href":"https:\/\/www.cssr.news\/spanish\/wp-json\/wp\/v2\/types\/post"}],"author":[{"embeddable":true,"href":"https:\/\/www.cssr.news\/spanish\/wp-json\/wp\/v2\/users\/1"}],"replies":[{"embeddable":true,"href":"https:\/\/www.cssr.news\/spanish\/wp-json\/wp\/v2\/comments?post=3828"}],"version-history":[{"count":4,"href":"https:\/\/www.cssr.news\/spanish\/wp-json\/wp\/v2\/posts\/3828\/revisions"}],"predecessor-version":[{"id":3843,"href":"https:\/\/www.cssr.news\/spanish\/wp-json\/wp\/v2\/posts\/3828\/revisions\/3843"}],"wp:featuredmedia":[{"embeddable":true,"href":"https:\/\/www.cssr.news\/spanish\/wp-json\/wp\/v2\/media\/3829"}],"wp:attachment":[{"href":"https:\/\/www.cssr.news\/spanish\/wp-json\/wp\/v2\/media?parent=3828"}],"wp:term":[{"taxonomy":"category","embeddable":true,"href":"https:\/\/www.cssr.news\/spanish\/wp-json\/wp\/v2\/categories?post=3828"},{"taxonomy":"post_tag","embeddable":true,"href":"https:\/\/www.cssr.news\/spanish\/wp-json\/wp\/v2\/tags?post=3828"}],"curies":[{"name":"wp","href":"https:\/\/api.w.org\/{rel}","templated":true}]}}