{"id":3837,"date":"2017-05-29T14:25:07","date_gmt":"2017-05-29T14:25:07","guid":{"rendered":"http:\/\/www.cssr.news\/spanish\/?p=3837"},"modified":"2017-05-29T14:25:07","modified_gmt":"2017-05-29T14:25:07","slug":"belo-horizonte-da-la-bienvenida-a-su-nuevo-obispo-auxiliar-mons-vicente-de-paula-ferreira-cssr","status":"publish","type":"post","link":"https:\/\/www.cssr.news\/spanish\/2017\/05\/belo-horizonte-da-la-bienvenida-a-su-nuevo-obispo-auxiliar-mons-vicente-de-paula-ferreira-cssr\/","title":{"rendered":"Belo Horizonte da la bienvenida a su nuevo obispo auxiliar Mons. Vicente de Paula Ferreira, CSSR"},"content":{"rendered":"<p>En la ma\u00f1ana del s\u00e1bado 27 de mayo, la Iglesia de San Jos\u00e9, en el coraz\u00f3n de la ciudad de Belo Horizonte (Brasil), estaba llena de fieles procedentes de diferentes partes de Brasil. Miles de personas participaron con gran alegr\u00eda la consagraci\u00f3n episcopal de Mons. Vicente de Paula Ferreira, CSsR, obispo auxiliar de la Arquidi\u00f3cesis de Belo Horizonte, nombrado por el Papa Francisco el 8 de marzo. Estaba tan llena la Iglesia que muchas personas han podido seguir la ceremonia a trav\u00e9s de las pantallas instaladas en el lado del templo.<\/p>\n<p><a href=\"http:\/\/www.cssr.news\/spanish\/wp-content\/uploads\/sites\/3\/2017\/05\/vicente_vescovo02.jpg\"><img class=\"alignnone size-full wp-image-3839\" src=\"http:\/\/www.cssr.news\/spanish\/wp-content\/uploads\/sites\/3\/2017\/05\/vicente_vescovo02.jpg\" alt=\"\" width=\"900\" height=\"634\" srcset=\"https:\/\/www.cssr.news\/spanish\/wp-content\/uploads\/sites\/3\/2017\/05\/vicente_vescovo02.jpg 900w, https:\/\/www.cssr.news\/spanish\/wp-content\/uploads\/sites\/3\/2017\/05\/vicente_vescovo02-300x211.jpg 300w, https:\/\/www.cssr.news\/spanish\/wp-content\/uploads\/sites\/3\/2017\/05\/vicente_vescovo02-768x541.jpg 768w, https:\/\/www.cssr.news\/spanish\/wp-content\/uploads\/sites\/3\/2017\/05\/vicente_vescovo02-100x70.jpg 100w, https:\/\/www.cssr.news\/spanish\/wp-content\/uploads\/sites\/3\/2017\/05\/vicente_vescovo02-696x490.jpg 696w, https:\/\/www.cssr.news\/spanish\/wp-content\/uploads\/sites\/3\/2017\/05\/vicente_vescovo02-596x420.jpg 596w\" sizes=\"(max-width: 900px) 100vw, 900px\" \/><\/a><\/p>\n<p>La celebraci\u00f3n tuvo como principal consagrante al arzobispo de Belo Horizonte, Mons. Walmor Oliveira de Azevedo, y como obispos co-consagrantes, al arzobispo de Diamantina Mons. Darci Nicioli, CSsR, y al obispo de Cachoeiro de Itapemirim, Mons. Dario Campos. Muchos obispos de diversas partes del pa\u00eds y sacerdotes concelebraron la misa, entre ellos muchos religiosos de la Congregaci\u00f3n de los Redentoristas, a la que Mons. Vicente pertenece.<\/p>\n<p><a href=\"http:\/\/www.cssr.news\/spanish\/wp-content\/uploads\/sites\/3\/2017\/05\/vicente_vescovo03.jpg\"><img class=\"alignnone size-full wp-image-3840\" src=\"http:\/\/www.cssr.news\/spanish\/wp-content\/uploads\/sites\/3\/2017\/05\/vicente_vescovo03.jpg\" alt=\"\" width=\"900\" height=\"600\" srcset=\"https:\/\/www.cssr.news\/spanish\/wp-content\/uploads\/sites\/3\/2017\/05\/vicente_vescovo03.jpg 900w, https:\/\/www.cssr.news\/spanish\/wp-content\/uploads\/sites\/3\/2017\/05\/vicente_vescovo03-300x200.jpg 300w, https:\/\/www.cssr.news\/spanish\/wp-content\/uploads\/sites\/3\/2017\/05\/vicente_vescovo03-768x512.jpg 768w, https:\/\/www.cssr.news\/spanish\/wp-content\/uploads\/sites\/3\/2017\/05\/vicente_vescovo03-696x464.jpg 696w, https:\/\/www.cssr.news\/spanish\/wp-content\/uploads\/sites\/3\/2017\/05\/vicente_vescovo03-630x420.jpg 630w\" sizes=\"(max-width: 900px) 100vw, 900px\" \/><\/a><\/p>\n<p>Mons. Walmor destac\u00f3 en su homil\u00eda que tenemos que ver nuestro Iglesia como servidora y que, en esta misi\u00f3n, Mons. Vicente es la nobleza del coraz\u00f3n Redentorista, en comuni\u00f3n con las ense\u00f1anzas del fundador de la Congregaci\u00f3n, San Alfonso de Liguori. &#8220;Qu\u00e9 S. Alfonso se convierta en su inspiraci\u00f3n y sean muchas las alegr\u00edas de su coraz\u00f3n&#8221;. Mons. Walmor tambi\u00e9n habl\u00f3 de la misi\u00f3n de Mons. Vicente en la Arquidi\u00f3cesis de Belo Horizonte, a la cabeza de la Vicar\u00eda Episcopal de Acci\u00f3n Misionera: &#8220;Somos conscientes del enorme desaf\u00edo en muchas direcciones, en particular con respecto a los barrios pobres y Favelas (de la periferia). En la Arquidi\u00f3cesis de Belo Horizonte, contamos con m\u00e1s de 500.000 personas que viven en los barrios pobres, y queremos estar presentes entre todos ellos. Queremos responder a este desaf\u00edo con el trabajo del nuevo obispo&#8221;.<\/p>\n<p>&#8220;Estoy seguro de que en este frente, y otros m\u00e1s, como el Valle del Paraopeba, que es una zona rural, vamos a tener un gran compromiso misionero con Mons. Vicente y su obra&#8221;, ha dicho Mons. Walmor.<\/p>\n<p><a href=\"http:\/\/www.cssr.news\/spanish\/wp-content\/uploads\/sites\/3\/2017\/05\/vicente_vescovo04.jpg\"><img class=\"alignnone size-full wp-image-3841\" src=\"http:\/\/www.cssr.news\/spanish\/wp-content\/uploads\/sites\/3\/2017\/05\/vicente_vescovo04.jpg\" alt=\"\" width=\"900\" height=\"600\" srcset=\"https:\/\/www.cssr.news\/spanish\/wp-content\/uploads\/sites\/3\/2017\/05\/vicente_vescovo04.jpg 900w, https:\/\/www.cssr.news\/spanish\/wp-content\/uploads\/sites\/3\/2017\/05\/vicente_vescovo04-300x200.jpg 300w, https:\/\/www.cssr.news\/spanish\/wp-content\/uploads\/sites\/3\/2017\/05\/vicente_vescovo04-768x512.jpg 768w, https:\/\/www.cssr.news\/spanish\/wp-content\/uploads\/sites\/3\/2017\/05\/vicente_vescovo04-696x464.jpg 696w, https:\/\/www.cssr.news\/spanish\/wp-content\/uploads\/sites\/3\/2017\/05\/vicente_vescovo04-630x420.jpg 630w\" sizes=\"(max-width: 900px) 100vw, 900px\" \/><\/a>Mons. Vicente ha escuchado las palabras del Arzobispo, acompa\u00f1ado por el P. Dalton Barros, C.Ss.R., su formador en la Congregaci\u00f3n Redentorista y Padre Am\u00e9rico de Oliveira, C.Ss.R. superior de la Provincia de R\u00edo.<\/p>\n<p>(Http:\/\/www.provinciadorio.org.br)<\/p>\n","protected":false},"excerpt":{"rendered":"<p>En la ma\u00f1ana del s\u00e1bado 27 de mayo, la Iglesia de San Jos\u00e9, en el coraz\u00f3n de la ciudad de Belo Horizonte (Brasil), estaba llena de fieles procedentes de diferentes partes de Brasil. Miles de personas participaron con gran alegr\u00eda la consagraci\u00f3n episcopal de Mons. Vicente de Paula Ferreira, CSsR, obispo auxiliar de la Arquidi\u00f3cesis [&hellip;]<\/p>\n","protected":false},"author":3,"featured_media":3838,"comment_status":"closed","ping_status":"closed","sticky":false,"template":"","format":"standard","meta":[],"categories":[15],"tags":[],"_links":{"self":[{"href":"https:\/\/www.cssr.news\/spanish\/wp-json\/wp\/v2\/posts\/3837"}],"collection":[{"href":"https:\/\/www.cssr.news\/spanish\/wp-json\/wp\/v2\/posts"}],"about":[{"href":"https:\/\/www.cssr.news\/spanish\/wp-json\/wp\/v2\/types\/post"}],"author":[{"embeddable":true,"href":"https:\/\/www.cssr.news\/spanish\/wp-json\/wp\/v2\/users\/3"}],"replies":[{"embeddable":true,"href":"https:\/\/www.cssr.news\/spanish\/wp-json\/wp\/v2\/comments?post=3837"}],"version-history":[{"count":1,"href":"https:\/\/www.cssr.news\/spanish\/wp-json\/wp\/v2\/posts\/3837\/revisions"}],"predecessor-version":[{"id":3842,"href":"https:\/\/www.cssr.news\/spanish\/wp-json\/wp\/v2\/posts\/3837\/revisions\/3842"}],"wp:featuredmedia":[{"embeddable":true,"href":"https:\/\/www.cssr.news\/spanish\/wp-json\/wp\/v2\/media\/3838"}],"wp:attachment":[{"href":"https:\/\/www.cssr.news\/spanish\/wp-json\/wp\/v2\/media?parent=3837"}],"wp:term":[{"taxonomy":"category","embeddable":true,"href":"https:\/\/www.cssr.news\/spanish\/wp-json\/wp\/v2\/categories?post=3837"},{"taxonomy":"post_tag","embeddable":true,"href":"https:\/\/www.cssr.news\/spanish\/wp-json\/wp\/v2\/tags?post=3837"}],"curies":[{"name":"wp","href":"https:\/\/api.w.org\/{rel}","templated":true}]}}