{"id":3969,"date":"2017-06-22T14:50:56","date_gmt":"2017-06-22T14:50:56","guid":{"rendered":"http:\/\/www.cssr.news\/spanish\/?p=3969"},"modified":"2017-06-22T14:50:56","modified_gmt":"2017-06-22T14:50:56","slug":"la-novena-se-extendio-a-la-prision-de-limerick-por-primera-vez-en-su-historia","status":"publish","type":"post","link":"https:\/\/www.cssr.news\/spanish\/2017\/06\/la-novena-se-extendio-a-la-prision-de-limerick-por-primera-vez-en-su-historia\/","title":{"rendered":"La Novena se extendi\u00f3 a la prisi\u00f3n de Limerick por primera vez en su historia"},"content":{"rendered":"<p style=\"text-align: center;\"><em>Ger Dorin, el autob\u00fas Eireann, el sargento Kevin Balfe, el conductor Eamonn O&#8217;Sullivan, Teresa Delaney y el padre Seamus Enright. Foto: Michael Cowhey<\/em><\/p>\n<p style=\"text-align: right;\">Los Redentoristas en el Monte St Alphonsus y Bedford del proyecto familiar trabajando juntos.<\/p>\n<p>Por primera vez en su historia, la Novena Solemne anual de Limerick se extender\u00e1 a unos 250 presos de sexo masculino y femenino en la prisi\u00f3n de Limerick.<\/p>\n<p>Los Redentoristas del Monte San Alfonso y el Proyecto de Familia de Bedford Row, que apoyan a las familias con alg\u00fan miembro en c\u00e1rcel, trabajar\u00e1n juntos este a\u00f1o para permitir que los presos y sus familias se unan para celebrar la novena.<\/p>\n<p>&#8220;Sanar el da\u00f1o ocasionado por el encarcelamiento de un miembro familiar puede llevar tiempo, escuchar, entender y creer que todo el mundo tiene el potencial de cambiar&#8221;, dijo el padre Seamus Enright, rector de los Redentoristas.<\/p>\n<p>El P. Enright dijo que estaban inspirados para difundir el mensaje de la novena a la prisi\u00f3n, despu\u00e9s de la recepci\u00f3n positiva que recibieron cuando trajeron un icono de Nuestra Se\u00f1ora a la c\u00e1rcel de Limerick y a la c\u00e1rcel de Mountjoy el a\u00f1o pasado.<\/p>\n<figure id=\"attachment_914\" aria-describedby=\"caption-attachment-914\" style=\"width: 800px\" class=\"wp-caption alignnone\"><a href=\"http:\/\/www.cssr.news\/spanish\/wp-content\/uploads\/sites\/3\/2016\/03\/pope_seamus.jpg\"><img class=\"wp-image-914 size-full\" src=\"http:\/\/www.cssr.news\/spanish\/wp-content\/uploads\/sites\/3\/2016\/03\/pope_seamus.jpg\" alt=\"\" width=\"800\" height=\"532\" srcset=\"https:\/\/www.cssr.news\/spanish\/wp-content\/uploads\/sites\/3\/2016\/03\/pope_seamus.jpg 800w, https:\/\/www.cssr.news\/spanish\/wp-content\/uploads\/sites\/3\/2016\/03\/pope_seamus-300x200.jpg 300w, https:\/\/www.cssr.news\/spanish\/wp-content\/uploads\/sites\/3\/2016\/03\/pope_seamus-768x511.jpg 768w, https:\/\/www.cssr.news\/spanish\/wp-content\/uploads\/sites\/3\/2016\/03\/pope_seamus-600x399.jpg 600w, https:\/\/www.cssr.news\/spanish\/wp-content\/uploads\/sites\/3\/2016\/03\/pope_seamus-696x463.jpg 696w, https:\/\/www.cssr.news\/spanish\/wp-content\/uploads\/sites\/3\/2016\/03\/pope_seamus-632x420.jpg 632w\" sizes=\"(max-width: 800px) 100vw, 800px\" \/><\/a><figcaption id=\"caption-attachment-914\" class=\"wp-caption-text\">El Papa Francisco bendijo el Icono peregrino &#8216;Madre del Perpetuo Socorro&#8217; durante la Audiencia General del mi\u00e9rcoles 23 de marzo de 2016.<\/figcaption><\/figure>\n<p>Las misas en la c\u00e1rcel de Mulgrave Street el domingo, 18 de junio, ser\u00e1n celebradas como parte de la Novena, mientras que habr\u00e1 una celebraci\u00f3n especial de la novena en el Proyecto Bedford Row el viernes 16 de junio, el primer d\u00eda de la Novena.<\/p>\n<p>La fiesta de la fe &#8211; la mayor celebraci\u00f3n religiosa en el Medio Oeste &#8211; ha sido descrita como la &#8220;Munster final of religin&#8221; en Limerick, y ver\u00e1 el matrimonio y el papel de la vida familiar en la sociedad moderna como una forma de prepararse para el Encuentro Mundial de Familias en agosto de 2018.<\/p>\n<p>La novena de los Redentoristas comienza el viernes 16 de junio y contin\u00faa hasta el s\u00e1bado 24 de junio. Habr\u00e1 10 celebraciones cada d\u00eda, comenzando a las 7am y terminando a las 10.30pm. La bendici\u00f3n de los beb\u00e9s y los ni\u00f1os tendr\u00e1 lugar el domingo 18 de junio a las 4:30 pm.<\/p>\n<p>La celebraci\u00f3n especial de la novena para los enfermos, ancianos y enfermos se llevar\u00e1 a cabo el s\u00e1bado, 24 de junio a las 11.30 am. La confesi\u00f3n y un servicio de consejer\u00eda gratuita durante el d\u00eda estar\u00e1n disponibles durante cada d\u00eda.<\/p>\n<p>El viernes pasado, la Novena Solemne anual de Kilmallock a Nuestra Se\u00f1ora del Socorro comenz\u00f3 en la Iglesia de Kilmallock. Esta celebraci\u00f3n impulsada por la comunidad terminar\u00e1 el 17 de junio.<\/p>\n<p>por Anne Sheridan<br \/>\nhttp:\/\/www.limerickleader.ie<\/p>\n","protected":false},"excerpt":{"rendered":"<p>Ger Dorin, el autob\u00fas Eireann, el sargento Kevin Balfe, el conductor Eamonn O&#8217;Sullivan, Teresa Delaney y el padre Seamus Enright. Foto: Michael Cowhey Los Redentoristas en el Monte St Alphonsus y Bedford del proyecto familiar trabajando juntos. Por primera vez en su historia, la Novena Solemne anual de Limerick se extender\u00e1 a unos 250 presos [&hellip;]<\/p>\n","protected":false},"author":3,"featured_media":3970,"comment_status":"closed","ping_status":"closed","sticky":false,"template":"","format":"standard","meta":[],"categories":[6],"tags":[],"_links":{"self":[{"href":"https:\/\/www.cssr.news\/spanish\/wp-json\/wp\/v2\/posts\/3969"}],"collection":[{"href":"https:\/\/www.cssr.news\/spanish\/wp-json\/wp\/v2\/posts"}],"about":[{"href":"https:\/\/www.cssr.news\/spanish\/wp-json\/wp\/v2\/types\/post"}],"author":[{"embeddable":true,"href":"https:\/\/www.cssr.news\/spanish\/wp-json\/wp\/v2\/users\/3"}],"replies":[{"embeddable":true,"href":"https:\/\/www.cssr.news\/spanish\/wp-json\/wp\/v2\/comments?post=3969"}],"version-history":[{"count":1,"href":"https:\/\/www.cssr.news\/spanish\/wp-json\/wp\/v2\/posts\/3969\/revisions"}],"predecessor-version":[{"id":3971,"href":"https:\/\/www.cssr.news\/spanish\/wp-json\/wp\/v2\/posts\/3969\/revisions\/3971"}],"wp:featuredmedia":[{"embeddable":true,"href":"https:\/\/www.cssr.news\/spanish\/wp-json\/wp\/v2\/media\/3970"}],"wp:attachment":[{"href":"https:\/\/www.cssr.news\/spanish\/wp-json\/wp\/v2\/media?parent=3969"}],"wp:term":[{"taxonomy":"category","embeddable":true,"href":"https:\/\/www.cssr.news\/spanish\/wp-json\/wp\/v2\/categories?post=3969"},{"taxonomy":"post_tag","embeddable":true,"href":"https:\/\/www.cssr.news\/spanish\/wp-json\/wp\/v2\/tags?post=3969"}],"curies":[{"name":"wp","href":"https:\/\/api.w.org\/{rel}","templated":true}]}}