{"id":3984,"date":"2017-06-26T20:18:29","date_gmt":"2017-06-26T20:18:29","guid":{"rendered":"http:\/\/www.cssr.news\/spanish\/?p=3984"},"modified":"2017-06-27T12:26:33","modified_gmt":"2017-06-27T12:26:33","slug":"fiesta-de-la-virgen-del-perpetuo-socorro-domingo-25-de-junio-de-2017","status":"publish","type":"post","link":"https:\/\/www.cssr.news\/spanish\/2017\/06\/fiesta-de-la-virgen-del-perpetuo-socorro-domingo-25-de-junio-de-2017\/","title":{"rendered":"Fiesta de la Virgen del Perpetuo Socorro, domingo 25 de junio de 2017"},"content":{"rendered":"<p>El Domingo 25 de junio, la comunidad de los fieles de la Iglesia de San Alfonso en Roma, ha celebrado la fiesta de la Virgen del Perpetuo Socorro. Una iglesia llena y unidos en la oraci\u00f3n que luego ha querido expresar su fe p\u00fablicamente por las calles alrededor de la iglesia, de hecho, despu\u00e9s de la solemne celebraci\u00f3n de la Eucarist\u00eda tuvo lugar la procesi\u00f3n por el barrio Esquilino. Poco m\u00e1s tarde, un concierto de la banda de los &#8220;Alpini Latina&#8221;.<\/p>\n<p><a href=\"http:\/\/www.cssr.news\/spanish\/wp-content\/uploads\/sites\/3\/2017\/06\/festa25_01.jpg\"><img class=\"alignnone size-large wp-image-3986\" src=\"http:\/\/www.cssr.news\/spanish\/wp-content\/uploads\/sites\/3\/2017\/06\/festa25_01-1024x683.jpg\" alt=\"\" width=\"640\" height=\"427\" srcset=\"https:\/\/www.cssr.news\/spanish\/wp-content\/uploads\/sites\/3\/2017\/06\/festa25_01-1024x683.jpg 1024w, https:\/\/www.cssr.news\/spanish\/wp-content\/uploads\/sites\/3\/2017\/06\/festa25_01-300x200.jpg 300w, https:\/\/www.cssr.news\/spanish\/wp-content\/uploads\/sites\/3\/2017\/06\/festa25_01-768x512.jpg 768w, https:\/\/www.cssr.news\/spanish\/wp-content\/uploads\/sites\/3\/2017\/06\/festa25_01-696x464.jpg 696w, https:\/\/www.cssr.news\/spanish\/wp-content\/uploads\/sites\/3\/2017\/06\/festa25_01-1068x712.jpg 1068w, https:\/\/www.cssr.news\/spanish\/wp-content\/uploads\/sites\/3\/2017\/06\/festa25_01-630x420.jpg 630w, https:\/\/www.cssr.news\/spanish\/wp-content\/uploads\/sites\/3\/2017\/06\/festa25_01.jpg 1600w\" sizes=\"(max-width: 640px) 100vw, 640px\" \/><\/a><\/p>\n<p>La celebraci\u00f3n fue presidida por el Padre General de los Redentoristas, P. Michael Brehl al que han acompa\u00f1ado muchos fieles de Roma, los miembros de la Congregaci\u00f3n del Sant\u00edsimo Redentor y peregrinos de todo el mundo; hay que indicar espec\u00edficamente al grupo de los cohermanos presentes porque participan en el curso de espiritualidad que en estos d\u00edas se lleva a cabo en Italia.<\/p>\n<p><a href=\"http:\/\/www.cssr.news\/spanish\/wp-content\/uploads\/sites\/3\/2017\/06\/festa25_02.jpg\"><img class=\"alignnone size-large wp-image-3988\" src=\"http:\/\/www.cssr.news\/spanish\/wp-content\/uploads\/sites\/3\/2017\/06\/festa25_02-1024x683.jpg\" alt=\"\" width=\"640\" height=\"427\" srcset=\"https:\/\/www.cssr.news\/spanish\/wp-content\/uploads\/sites\/3\/2017\/06\/festa25_02-1024x683.jpg 1024w, https:\/\/www.cssr.news\/spanish\/wp-content\/uploads\/sites\/3\/2017\/06\/festa25_02-300x200.jpg 300w, https:\/\/www.cssr.news\/spanish\/wp-content\/uploads\/sites\/3\/2017\/06\/festa25_02-768x512.jpg 768w, https:\/\/www.cssr.news\/spanish\/wp-content\/uploads\/sites\/3\/2017\/06\/festa25_02-696x464.jpg 696w, https:\/\/www.cssr.news\/spanish\/wp-content\/uploads\/sites\/3\/2017\/06\/festa25_02-1068x712.jpg 1068w, https:\/\/www.cssr.news\/spanish\/wp-content\/uploads\/sites\/3\/2017\/06\/festa25_02-630x420.jpg 630w, https:\/\/www.cssr.news\/spanish\/wp-content\/uploads\/sites\/3\/2017\/06\/festa25_02.jpg 1600w\" sizes=\"(max-width: 640px) 100vw, 640px\" \/><\/a><\/p>\n<p>Durante la homil\u00eda, el Padre Michael Brehl invit\u00f3 a contemplar el Icono de Nuestra Se\u00f1ora del Perpetuo Socorro en su significado sugerido por las lecturas de la misa: En la primera lectura de Isa\u00edas, nos encontramos con el misterio de la Encarnaci\u00f3n, Emmanuel, Dios con nosotros &#8230; En la segunda lectura, la gloria de la nueva vida que vivimos en Cristo resucitado &#8211; y Mar\u00eda, Madre de la Iglesia &#8230; en los Evangelios, el misterio pascual &#8211; la pasi\u00f3n, que nos lleva a la resurrecci\u00f3n. Este Evangelio nos muestra la vocaci\u00f3n de Mar\u00eda de continuar el misterio de la misi\u00f3n de su amado hijo despu\u00e9s de su muerte en la cruz. Como Madre, Mar\u00eda est\u00e1 siempre con nosotros, y nos lleva a Jes\u00fas.<\/p>\n<p><a href=\"http:\/\/www.cssr.news\/spanish\/wp-content\/uploads\/sites\/3\/2017\/06\/festa25_03.jpg\"><img class=\"alignnone size-large wp-image-3990\" src=\"http:\/\/www.cssr.news\/spanish\/wp-content\/uploads\/sites\/3\/2017\/06\/festa25_03-1024x683.jpg\" alt=\"\" width=\"640\" height=\"427\" srcset=\"https:\/\/www.cssr.news\/spanish\/wp-content\/uploads\/sites\/3\/2017\/06\/festa25_03-1024x683.jpg 1024w, https:\/\/www.cssr.news\/spanish\/wp-content\/uploads\/sites\/3\/2017\/06\/festa25_03-300x200.jpg 300w, https:\/\/www.cssr.news\/spanish\/wp-content\/uploads\/sites\/3\/2017\/06\/festa25_03-768x512.jpg 768w, https:\/\/www.cssr.news\/spanish\/wp-content\/uploads\/sites\/3\/2017\/06\/festa25_03-696x464.jpg 696w, https:\/\/www.cssr.news\/spanish\/wp-content\/uploads\/sites\/3\/2017\/06\/festa25_03-1068x712.jpg 1068w, https:\/\/www.cssr.news\/spanish\/wp-content\/uploads\/sites\/3\/2017\/06\/festa25_03-630x420.jpg 630w, https:\/\/www.cssr.news\/spanish\/wp-content\/uploads\/sites\/3\/2017\/06\/festa25_03.jpg 1600w\" sizes=\"(max-width: 640px) 100vw, 640px\" \/><\/a><\/p>\n<p>A continuaci\u00f3n, ofreci\u00f3 el testimonio de la comunidad en Belfast, Irlanda: cat\u00f3licos y protestantes, unos 12 mil todos los d\u00edas, para orar juntos.<\/p>\n<p>Hoy, el icono misionero sigue su peregrinaje alrededor del mundo.<\/p>\n<p>El Santo Padre, para referirse a la misi\u00f3n de Mar\u00eda, nos dijo que se trata de una misi\u00f3n de evangelizaci\u00f3n. Mar\u00eda nos muestra el poder revolucionario de la ternura y la compasi\u00f3n. Francisco nos ense\u00f1a cuatro verbos para hablar de la misi\u00f3n de Mar\u00eda: acompa\u00f1ar, reunir, orar, luchar.<\/p>\n<p><a href=\"http:\/\/www.cssr.news\/spanish\/wp-content\/uploads\/sites\/3\/2017\/06\/festa25_04.jpg\"><img class=\"alignnone size-large wp-image-3991\" src=\"http:\/\/www.cssr.news\/spanish\/wp-content\/uploads\/sites\/3\/2017\/06\/festa25_04-1024x683.jpg\" alt=\"\" width=\"640\" height=\"427\" srcset=\"https:\/\/www.cssr.news\/spanish\/wp-content\/uploads\/sites\/3\/2017\/06\/festa25_04-1024x683.jpg 1024w, https:\/\/www.cssr.news\/spanish\/wp-content\/uploads\/sites\/3\/2017\/06\/festa25_04-300x200.jpg 300w, https:\/\/www.cssr.news\/spanish\/wp-content\/uploads\/sites\/3\/2017\/06\/festa25_04-768x512.jpg 768w, https:\/\/www.cssr.news\/spanish\/wp-content\/uploads\/sites\/3\/2017\/06\/festa25_04-696x464.jpg 696w, https:\/\/www.cssr.news\/spanish\/wp-content\/uploads\/sites\/3\/2017\/06\/festa25_04-1068x712.jpg 1068w, https:\/\/www.cssr.news\/spanish\/wp-content\/uploads\/sites\/3\/2017\/06\/festa25_04-630x420.jpg 630w, https:\/\/www.cssr.news\/spanish\/wp-content\/uploads\/sites\/3\/2017\/06\/festa25_04.jpg 1600w\" sizes=\"(max-width: 640px) 100vw, 640px\" \/><\/a>Mar\u00eda acompa\u00f1a siempre a los abandonados y los pobres con compasi\u00f3n y comprensi\u00f3n, con ternura y misericordia. Ella es siempre la madre que no puede abandonar a sus hijos, especialmente a los m\u00e1s vulnerables.<\/p>\n<p>Mar\u00eda sabe c\u00f3mo reunir a la familia alrededor de la mesa para compartir y crecer en el amor fraternal y abrirse a los dem\u00e1s. Mar\u00eda lo hace en todos los santuarios m\u00e1s importantes del mundo.<\/p>\n<p>Mar\u00eda nos ense\u00f1a a orar como ella ora, medita en los eventos y reflexiona desde la palabra de Dios. Es una oraci\u00f3n por los dem\u00e1s, para los necesitados, para incluir a todos.<\/p>\n<p>Mar\u00eda, al final, siempre lucha por la justicia, pero con el poder revolucionario de la ternura y de la misericordia. Ella es realmente profeta, pero un profeta de la justicia con la ternura de Dios.<\/p>\n<p><a href=\"http:\/\/www.cssr.news\/spanish\/wp-content\/uploads\/sites\/3\/2017\/06\/festa25_05.jpg\"><img class=\"alignnone size-large wp-image-3992\" src=\"http:\/\/www.cssr.news\/spanish\/wp-content\/uploads\/sites\/3\/2017\/06\/festa25_05-1024x683.jpg\" alt=\"\" width=\"640\" height=\"427\" srcset=\"https:\/\/www.cssr.news\/spanish\/wp-content\/uploads\/sites\/3\/2017\/06\/festa25_05-1024x683.jpg 1024w, https:\/\/www.cssr.news\/spanish\/wp-content\/uploads\/sites\/3\/2017\/06\/festa25_05-300x200.jpg 300w, https:\/\/www.cssr.news\/spanish\/wp-content\/uploads\/sites\/3\/2017\/06\/festa25_05-768x512.jpg 768w, https:\/\/www.cssr.news\/spanish\/wp-content\/uploads\/sites\/3\/2017\/06\/festa25_05-696x464.jpg 696w, https:\/\/www.cssr.news\/spanish\/wp-content\/uploads\/sites\/3\/2017\/06\/festa25_05-1068x712.jpg 1068w, https:\/\/www.cssr.news\/spanish\/wp-content\/uploads\/sites\/3\/2017\/06\/festa25_05-630x420.jpg 630w, https:\/\/www.cssr.news\/spanish\/wp-content\/uploads\/sites\/3\/2017\/06\/festa25_05.jpg 1600w\" sizes=\"(max-width: 640px) 100vw, 640px\" \/><\/a><\/p>\n<p>Hoy, Mar\u00eda nos invita a seguir sus pasos, para acompa\u00f1ar, reunir, orar y luchar por la justicia.<\/p>\n<p><a href=\"http:\/\/www.cssr.news\/spanish\/wp-content\/uploads\/sites\/3\/2017\/06\/festa25_06.jpg\"><img class=\"alignnone size-large wp-image-3993\" src=\"http:\/\/www.cssr.news\/spanish\/wp-content\/uploads\/sites\/3\/2017\/06\/festa25_06-1024x683.jpg\" alt=\"\" width=\"640\" height=\"427\" srcset=\"https:\/\/www.cssr.news\/spanish\/wp-content\/uploads\/sites\/3\/2017\/06\/festa25_06-1024x683.jpg 1024w, https:\/\/www.cssr.news\/spanish\/wp-content\/uploads\/sites\/3\/2017\/06\/festa25_06-300x200.jpg 300w, https:\/\/www.cssr.news\/spanish\/wp-content\/uploads\/sites\/3\/2017\/06\/festa25_06-768x512.jpg 768w, https:\/\/www.cssr.news\/spanish\/wp-content\/uploads\/sites\/3\/2017\/06\/festa25_06-696x464.jpg 696w, https:\/\/www.cssr.news\/spanish\/wp-content\/uploads\/sites\/3\/2017\/06\/festa25_06-1068x712.jpg 1068w, https:\/\/www.cssr.news\/spanish\/wp-content\/uploads\/sites\/3\/2017\/06\/festa25_06-630x420.jpg 630w, https:\/\/www.cssr.news\/spanish\/wp-content\/uploads\/sites\/3\/2017\/06\/festa25_06.jpg 1600w\" sizes=\"(max-width: 640px) 100vw, 640px\" \/><\/a><\/p>\n","protected":false},"excerpt":{"rendered":"<p>El Domingo 25 de junio, la comunidad de los fieles de la Iglesia de San Alfonso en Roma, ha celebrado la fiesta de la Virgen del Perpetuo Socorro. Una iglesia llena y unidos en la oraci\u00f3n que luego ha querido expresar su fe p\u00fablicamente por las calles alrededor de la iglesia, de hecho, despu\u00e9s de [&hellip;]<\/p>\n","protected":false},"author":3,"featured_media":3985,"comment_status":"closed","ping_status":"closed","sticky":false,"template":"","format":"standard","meta":[],"categories":[6],"tags":[],"_links":{"self":[{"href":"https:\/\/www.cssr.news\/spanish\/wp-json\/wp\/v2\/posts\/3984"}],"collection":[{"href":"https:\/\/www.cssr.news\/spanish\/wp-json\/wp\/v2\/posts"}],"about":[{"href":"https:\/\/www.cssr.news\/spanish\/wp-json\/wp\/v2\/types\/post"}],"author":[{"embeddable":true,"href":"https:\/\/www.cssr.news\/spanish\/wp-json\/wp\/v2\/users\/3"}],"replies":[{"embeddable":true,"href":"https:\/\/www.cssr.news\/spanish\/wp-json\/wp\/v2\/comments?post=3984"}],"version-history":[{"count":4,"href":"https:\/\/www.cssr.news\/spanish\/wp-json\/wp\/v2\/posts\/3984\/revisions"}],"predecessor-version":[{"id":3995,"href":"https:\/\/www.cssr.news\/spanish\/wp-json\/wp\/v2\/posts\/3984\/revisions\/3995"}],"wp:featuredmedia":[{"embeddable":true,"href":"https:\/\/www.cssr.news\/spanish\/wp-json\/wp\/v2\/media\/3985"}],"wp:attachment":[{"href":"https:\/\/www.cssr.news\/spanish\/wp-json\/wp\/v2\/media?parent=3984"}],"wp:term":[{"taxonomy":"category","embeddable":true,"href":"https:\/\/www.cssr.news\/spanish\/wp-json\/wp\/v2\/categories?post=3984"},{"taxonomy":"post_tag","embeddable":true,"href":"https:\/\/www.cssr.news\/spanish\/wp-json\/wp\/v2\/tags?post=3984"}],"curies":[{"name":"wp","href":"https:\/\/api.w.org\/{rel}","templated":true}]}}