{"id":7422,"date":"2018-12-10T11:12:54","date_gmt":"2018-12-10T11:12:54","guid":{"rendered":"http:\/\/www.cssr.news\/spanish\/?p=7422"},"modified":"2018-12-10T11:12:54","modified_gmt":"2018-12-10T11:12:54","slug":"p-alfonso-v-amarante-c-ss-r-es-nombrado-nuevo-preside-de-la-academia-alfonsiana-en-roma","status":"publish","type":"post","link":"https:\/\/www.cssr.news\/spanish\/2018\/12\/p-alfonso-v-amarante-c-ss-r-es-nombrado-nuevo-preside-de-la-academia-alfonsiana-en-roma\/","title":{"rendered":"P. Alfonso V. Amarante, C.Ss.R., es nombrado nuevo Preside de la Academia Alfonsiana en Roma"},"content":{"rendered":"<p style=\"text-align: justify;\">(Roma, Italia) &#8211; El Reverendo P. Alfonso V. Amarante, C.Ss.R., ha sido nombrado nuevo Preside de la Academia Alfonsiana, en Roma, por tres a\u00f1os, 2018-21. Padre Alfonso, es miembro de la Provincia Redentorista de N\u00e1poles y trabaja como profesor ordinario en la Academia Alfonsiana.<\/p>\n<p style=\"text-align: justify;\">El Padre Alfonso es miembro de la Congregaci\u00f3n del Sant\u00edsimo Redentor (C.Ss.R.) desde 1993. Fue ordenado sacerdote en el a\u00f1o 1997. En 1999 obtuvo una licencia en Historia de la Iglesia &#8211; en la Pontificia Universidad Gregoriana &#8211; con la tesis sobre el &#8220;Tratado de la conciencia de San Alfonso&#8221; y en 2002 el doctorado con una tesis sobre &#8220;La evoluci\u00f3n del m\u00e9todo misionero redentorista&#8221;. Tambi\u00e9n asisti\u00f3 a cursos en otras universidades y en la Academia Alfonsiana.<\/p>\n<p style=\"text-align: justify;\">En 2013, hasta su nombramiento como preside, ha sido elegido Vicepreside de la Academia Alfonsiana. En la Academia Alfonsiana ha colaborado en varias comisiones ordinarias y extraordinarias. Ha ense\u00f1ado en la Pontificia Universidad Urbaniana y en la Pontificia Facultad de Teolog\u00eda del sur de Italia, sect. San Luis de N\u00e1poles.<\/p>\n<p style=\"text-align: justify;\">Desde el a\u00f1o escolar 2017-2018, es tambi\u00e9n profesor de la Pontificia Universidad Lateranense, donde ense\u00f1a moral fundamental. En su familia religiosa donde pertenece a tenido varios encargos. Es el responsable de la revista Spicilegium Historicum CSsR. Miembro del Consejo de Presidencia y Tesorero de la &#8220;Asociaci\u00f3n de profesores de Historia de la Iglesia en Italia&#8221;. Consultor en la Congregaci\u00f3n de los Santos desde 2010. Colabora con diversas revistas.<\/p>\n","protected":false},"excerpt":{"rendered":"<p>(Roma, Italia) &#8211; El Reverendo P. Alfonso V. Amarante, C.Ss.R., ha sido nombrado nuevo Preside de la Academia Alfonsiana, en Roma, por tres a\u00f1os, 2018-21. Padre Alfonso, es miembro de la Provincia Redentorista de N\u00e1poles y trabaja como profesor ordinario en la Academia Alfonsiana. El Padre Alfonso es miembro de la Congregaci\u00f3n del Sant\u00edsimo Redentor [&hellip;]<\/p>\n","protected":false},"author":3,"featured_media":7423,"comment_status":"closed","ping_status":"closed","sticky":false,"template":"","format":"standard","meta":[],"categories":[28],"tags":[],"_links":{"self":[{"href":"https:\/\/www.cssr.news\/spanish\/wp-json\/wp\/v2\/posts\/7422"}],"collection":[{"href":"https:\/\/www.cssr.news\/spanish\/wp-json\/wp\/v2\/posts"}],"about":[{"href":"https:\/\/www.cssr.news\/spanish\/wp-json\/wp\/v2\/types\/post"}],"author":[{"embeddable":true,"href":"https:\/\/www.cssr.news\/spanish\/wp-json\/wp\/v2\/users\/3"}],"replies":[{"embeddable":true,"href":"https:\/\/www.cssr.news\/spanish\/wp-json\/wp\/v2\/comments?post=7422"}],"version-history":[{"count":1,"href":"https:\/\/www.cssr.news\/spanish\/wp-json\/wp\/v2\/posts\/7422\/revisions"}],"predecessor-version":[{"id":7424,"href":"https:\/\/www.cssr.news\/spanish\/wp-json\/wp\/v2\/posts\/7422\/revisions\/7424"}],"wp:featuredmedia":[{"embeddable":true,"href":"https:\/\/www.cssr.news\/spanish\/wp-json\/wp\/v2\/media\/7423"}],"wp:attachment":[{"href":"https:\/\/www.cssr.news\/spanish\/wp-json\/wp\/v2\/media?parent=7422"}],"wp:term":[{"taxonomy":"category","embeddable":true,"href":"https:\/\/www.cssr.news\/spanish\/wp-json\/wp\/v2\/categories?post=7422"},{"taxonomy":"post_tag","embeddable":true,"href":"https:\/\/www.cssr.news\/spanish\/wp-json\/wp\/v2\/tags?post=7422"}],"curies":[{"name":"wp","href":"https:\/\/api.w.org\/{rel}","templated":true}]}}