{"id":7432,"date":"2018-12-10T15:12:34","date_gmt":"2018-12-10T15:12:34","guid":{"rendered":"http:\/\/www.cssr.news\/spanish\/?p=7432"},"modified":"2018-12-10T15:12:34","modified_gmt":"2018-12-10T15:12:34","slug":"comision-de-evangelizacion-y-nuevas-iniciativas-misioneras","status":"publish","type":"post","link":"https:\/\/www.cssr.news\/spanish\/2018\/12\/comision-de-evangelizacion-y-nuevas-iniciativas-misioneras\/","title":{"rendered":"Comisi\u00f3n de Evangelizaci\u00f3n y nuevas iniciativas misioneras"},"content":{"rendered":"<p style=\"text-align: center;\"><em><span lang=\"IT\">(de izq. a der.) Padre<\/span><span lang=\"IT\">\u00a0Nicol\u00e1s Ayouba (GG), Padre<\/span><span lang=\"IT\">\u00a0Cristian Bueno (Bogot\u00e1), Padre<\/span><span lang=\"IT\">\u00a0Pedro L\u00f2pez (GG), padre<\/span><span lang=\"IT\">\u00a0Raphael Kitheka (Kenia), padre<\/span><span lang=\"IT\">\u00a0Noel Kehoe (Dubl\u00edn), padre<\/span><span lang=\"IT\">\u00a0Kevin O\u2019Neil (Baltimore), padre<\/span><span lang=\"IT\">\u00a0Gregory Noronha (Majella), padre<\/span><span lang=\"IT\">\u00a0Sebasti\u00e1n Ani Dato (GG)<\/span><\/em><\/p>\n<p style=\"font-weight: 400; text-align: justify;\">El Secretariado General de Evangelizaci\u00f3n est\u00e1 compuesto por cinco comisiones, y una de ellas recibe el nombre de Comisi\u00f3n de Evangelizaci\u00f3n y Nuevas Iniciativas. Los miembros de esta comisi\u00f3n se reunieron en la Curia General durante los d\u00edas 4 al 7 de diciembre para asumir sus competencias y establecer su plan de acci\u00f3n.<\/p>\n<p style=\"text-align: justify;\">Han participado los 8 miembros de la comisi\u00f3n, bajo la gu\u00eda del coordinador padre Cristian Bueno (Bogot\u00e1), padre Sebasti\u00e1n Ani Dato, Nicol\u00e1s Ayouba, y Pedro L\u00f2pez del gobierno general de Roma, as\u00ed tambi\u00e9n los padres Kevin O\u2019Neil (Baltimore), Noel Kehoe (Dubl\u00edn), Raphael Kitheka (Kenia), y Gregory Noronha (Majella) de sus respectivas conferencias.<\/p>\n<p style=\"font-weight: 400; text-align: justify;\"><a href=\"http:\/\/www.cssr.news\/spanish\/wp-content\/uploads\/sites\/3\/2018\/12\/ce_3Y0A4218.jpg\"><img class=\"aligncenter size-full wp-image-7435\" src=\"http:\/\/www.cssr.news\/spanish\/wp-content\/uploads\/sites\/3\/2018\/12\/ce_3Y0A4218.jpg\" alt=\"\" width=\"4320\" height=\"2880\" srcset=\"https:\/\/www.cssr.news\/spanish\/wp-content\/uploads\/sites\/3\/2018\/12\/ce_3Y0A4218.jpg 4320w, https:\/\/www.cssr.news\/spanish\/wp-content\/uploads\/sites\/3\/2018\/12\/ce_3Y0A4218-300x200.jpg 300w, https:\/\/www.cssr.news\/spanish\/wp-content\/uploads\/sites\/3\/2018\/12\/ce_3Y0A4218-768x512.jpg 768w, https:\/\/www.cssr.news\/spanish\/wp-content\/uploads\/sites\/3\/2018\/12\/ce_3Y0A4218-1024x683.jpg 1024w, https:\/\/www.cssr.news\/spanish\/wp-content\/uploads\/sites\/3\/2018\/12\/ce_3Y0A4218-696x464.jpg 696w, https:\/\/www.cssr.news\/spanish\/wp-content\/uploads\/sites\/3\/2018\/12\/ce_3Y0A4218-1068x712.jpg 1068w, https:\/\/www.cssr.news\/spanish\/wp-content\/uploads\/sites\/3\/2018\/12\/ce_3Y0A4218-630x420.jpg 630w\" sizes=\"(max-width: 4320px) 100vw, 4320px\" \/><\/a><\/p>\n<p style=\"font-weight: 400; text-align: justify;\">El punto de partida del trabajo ha sido las decisiones del XXV Cap\u00edtulo General relacionadas con los desaf\u00edos de la evangelizaci\u00f3n en el momento presente y que buscan asegurar que nuestras iglesias sean verdaderos lugares de encuentro con el redentor (Cfr. Decisi\u00f3n 9).<\/p>\n<p style=\"font-weight: 400; text-align: justify;\">El trabajo de esta comisi\u00f3n est\u00e1 estrechamente vinculado con las din\u00e1micas que ya se vienen llevando a cabo en cada conferencia, como la elaboraci\u00f3n de los planes apost\u00f3licos, y la conformaci\u00f3n de los respectivos secretariados de evangelizaci\u00f3n, entre otras. En su conjunto, act\u00faa como una herramienta de apoyo al liderazgo del Gobierno General para este sexenio en temas relacionados con nuestra labor evangelizadora.<\/p>\n<p style=\"font-weight: 400; text-align: justify;\"><a href=\"http:\/\/www.cssr.news\/spanish\/wp-content\/uploads\/sites\/3\/2018\/12\/ce_3Y0A4194.jpg\"><img class=\"aligncenter size-full wp-image-7434\" src=\"http:\/\/www.cssr.news\/spanish\/wp-content\/uploads\/sites\/3\/2018\/12\/ce_3Y0A4194.jpg\" alt=\"\" width=\"5760\" height=\"3840\" srcset=\"https:\/\/www.cssr.news\/spanish\/wp-content\/uploads\/sites\/3\/2018\/12\/ce_3Y0A4194.jpg 5760w, https:\/\/www.cssr.news\/spanish\/wp-content\/uploads\/sites\/3\/2018\/12\/ce_3Y0A4194-300x200.jpg 300w, https:\/\/www.cssr.news\/spanish\/wp-content\/uploads\/sites\/3\/2018\/12\/ce_3Y0A4194-768x512.jpg 768w, https:\/\/www.cssr.news\/spanish\/wp-content\/uploads\/sites\/3\/2018\/12\/ce_3Y0A4194-1024x683.jpg 1024w, https:\/\/www.cssr.news\/spanish\/wp-content\/uploads\/sites\/3\/2018\/12\/ce_3Y0A4194-696x464.jpg 696w, https:\/\/www.cssr.news\/spanish\/wp-content\/uploads\/sites\/3\/2018\/12\/ce_3Y0A4194-1068x712.jpg 1068w, https:\/\/www.cssr.news\/spanish\/wp-content\/uploads\/sites\/3\/2018\/12\/ce_3Y0A4194-630x420.jpg 630w\" sizes=\"(max-width: 5760px) 100vw, 5760px\" \/><\/a><\/p>\n<p style=\"font-weight: 400; text-align: justify;\">La evangelizaci\u00f3n es la raz\u00f3n de ser de la Iglesia, como lo es de la Congregaci\u00f3n. El esp\u00edritu de la Iglesia en salida que nos transmite el Papa Francisco nos mueve a preguntarnos acerca del lugar que ocupa nuestro carisma redentorista en la Iglesia, y sobre la forma en que lo encarnamos hoy. Por eso, esta comisi\u00f3n va a entrar en un proceso de di\u00e1logo y consulta con las diferentes conferencias como parte de este ejercicio de discernimiento; se proyecta que este ejercicio contribuya a la elaboraci\u00f3n de un Directorio o Ratio que ofrezca a toda la Congregaci\u00f3n una mayor claridad a la visi\u00f3n y direcci\u00f3n de nuestro ministerio hoy.<\/p>\n<p style=\"font-weight: 400; text-align: justify;\">Mientras se terminan de articular los planes apost\u00f3licos en cada una de las Conferencias, los miembros de la comisi\u00f3n tratar\u00e1n de identificar aquellas iniciativas misioneras que puedan inspirar e incluso adoptarse en otros lugares. Todo ellos como parte del proceso de restructuraci\u00f3n que nos pide sentir y actuar como un solo cuerpo misionero.<\/p>\n<p style=\"font-weight: 400; text-align: justify;\">Comisi\u00f3n de Evangelizaci\u00f3n y Nuevas Iniciativas Misioneras<\/p>\n","protected":false},"excerpt":{"rendered":"<p>(de izq. a der.) Padre\u00a0Nicol\u00e1s Ayouba (GG), Padre\u00a0Cristian Bueno (Bogot\u00e1), Padre\u00a0Pedro L\u00f2pez (GG), padre\u00a0Raphael Kitheka (Kenia), padre\u00a0Noel Kehoe (Dubl\u00edn), padre\u00a0Kevin O\u2019Neil (Baltimore), padre\u00a0Gregory Noronha (Majella), padre\u00a0Sebasti\u00e1n Ani Dato (GG) El Secretariado General de Evangelizaci\u00f3n est\u00e1 compuesto por cinco comisiones, y una de ellas recibe el nombre de Comisi\u00f3n de Evangelizaci\u00f3n y Nuevas Iniciativas. Los miembros [&hellip;]<\/p>\n","protected":false},"author":3,"featured_media":7436,"comment_status":"closed","ping_status":"closed","sticky":false,"template":"","format":"standard","meta":[],"categories":[34,29],"tags":[],"_links":{"self":[{"href":"https:\/\/www.cssr.news\/spanish\/wp-json\/wp\/v2\/posts\/7432"}],"collection":[{"href":"https:\/\/www.cssr.news\/spanish\/wp-json\/wp\/v2\/posts"}],"about":[{"href":"https:\/\/www.cssr.news\/spanish\/wp-json\/wp\/v2\/types\/post"}],"author":[{"embeddable":true,"href":"https:\/\/www.cssr.news\/spanish\/wp-json\/wp\/v2\/users\/3"}],"replies":[{"embeddable":true,"href":"https:\/\/www.cssr.news\/spanish\/wp-json\/wp\/v2\/comments?post=7432"}],"version-history":[{"count":2,"href":"https:\/\/www.cssr.news\/spanish\/wp-json\/wp\/v2\/posts\/7432\/revisions"}],"predecessor-version":[{"id":7437,"href":"https:\/\/www.cssr.news\/spanish\/wp-json\/wp\/v2\/posts\/7432\/revisions\/7437"}],"wp:featuredmedia":[{"embeddable":true,"href":"https:\/\/www.cssr.news\/spanish\/wp-json\/wp\/v2\/media\/7436"}],"wp:attachment":[{"href":"https:\/\/www.cssr.news\/spanish\/wp-json\/wp\/v2\/media?parent=7432"}],"wp:term":[{"taxonomy":"category","embeddable":true,"href":"https:\/\/www.cssr.news\/spanish\/wp-json\/wp\/v2\/categories?post=7432"},{"taxonomy":"post_tag","embeddable":true,"href":"https:\/\/www.cssr.news\/spanish\/wp-json\/wp\/v2\/tags?post=7432"}],"curies":[{"name":"wp","href":"https:\/\/api.w.org\/{rel}","templated":true}]}}