{"id":9316,"date":"2019-09-16T13:24:20","date_gmt":"2019-09-16T13:24:20","guid":{"rendered":"http:\/\/www.cssr.news\/spanish\/?p=9316"},"modified":"2019-09-16T13:24:20","modified_gmt":"2019-09-16T13:24:20","slug":"reunion-de-la-comision-general-de-evangelizacion-y-nuevas-iniciativas-misioneras","status":"publish","type":"post","link":"https:\/\/www.cssr.news\/spanish\/2019\/09\/reunion-de-la-comision-general-de-evangelizacion-y-nuevas-iniciativas-misioneras\/","title":{"rendered":"Reuni\u00f3n de la Comisi\u00f3n General de Evangelizaci\u00f3n y Nuevas Iniciativas Misioneras"},"content":{"rendered":"<p style=\"text-align: justify;\">(Roma, Italia) &#8211; Durante los d\u00edas 10 al 13 de septiembre se llev\u00f3 a cabo la reuni\u00f3n de la Comisi\u00f3n General para la Evangelizaci\u00f3n y Nuevas iniciativas, conformada por los PP. Ulysses Da Silva, Kevin O\u00b4Neil, Noel Kehoe, Gregory Noronha, Raphael Kitheka y Cristian Bueno. Tambi\u00e9n participaron los consejeros generales PP. Pedro L\u00f3pez, Sebastian Ani Dato y Nicol\u00e1s Ayouba; de igual manera, el padre General se hizo presente en varios momentos del encuentro.<\/p>\n<p><a href=\"http:\/\/www.cssr.news\/spanish\/wp-content\/uploads\/sites\/3\/2019\/09\/3Y0A0764.jpg\"><img class=\"aligncenter size-full wp-image-9318\" src=\"http:\/\/www.cssr.news\/spanish\/wp-content\/uploads\/sites\/3\/2019\/09\/3Y0A0764.jpg\" alt=\"\" width=\"1800\" height=\"1050\" srcset=\"https:\/\/www.cssr.news\/spanish\/wp-content\/uploads\/sites\/3\/2019\/09\/3Y0A0764.jpg 1800w, https:\/\/www.cssr.news\/spanish\/wp-content\/uploads\/sites\/3\/2019\/09\/3Y0A0764-300x175.jpg 300w, https:\/\/www.cssr.news\/spanish\/wp-content\/uploads\/sites\/3\/2019\/09\/3Y0A0764-768x448.jpg 768w, https:\/\/www.cssr.news\/spanish\/wp-content\/uploads\/sites\/3\/2019\/09\/3Y0A0764-1024x597.jpg 1024w, https:\/\/www.cssr.news\/spanish\/wp-content\/uploads\/sites\/3\/2019\/09\/3Y0A0764-696x406.jpg 696w, https:\/\/www.cssr.news\/spanish\/wp-content\/uploads\/sites\/3\/2019\/09\/3Y0A0764-1068x623.jpg 1068w, https:\/\/www.cssr.news\/spanish\/wp-content\/uploads\/sites\/3\/2019\/09\/3Y0A0764-720x420.jpg 720w\" sizes=\"(max-width: 1800px) 100vw, 1800px\" \/><\/a><\/p>\n<p style=\"text-align: justify;\">Esta comisi\u00f3n, es un equipo de asistencia al Gobierno General, especialmente en lo que respecta a la decisi\u00f3n 9 del Cap\u00edtulo General, que pide un estudio sobre el ministerio pastoral en nuestras Iglesias (parroquias y santuarios) para que puedan responder a los desaf\u00edos de la evangelizaci\u00f3n del siglo XXI. Adem\u00e1s de este tema, la reuni\u00f3n tambi\u00e9n abord\u00f3 las nuevas iniciativas misioneras que se est\u00e1n dando en el contexto actual y dentro del proceso de restructuraci\u00f3n y reconfiguraci\u00f3n en la Congregaci\u00f3n. El tema de la promoci\u00f3n de la devoci\u00f3n a Nuestra Madre del Perpetuo Socorro tambi\u00e9n estuvo presente en la agenda.<\/p>\n<p style=\"text-align: justify;\">A comienzos de este a\u00f1o se envi\u00f3 un cuestionario a las diferentes unidades como parte de la \u201cconsulta a la Congregaci\u00f3n en relaci\u00f3n con nuestras Iglesias, su tarea y sus funciones actuales,\u201d a la que se refiere la decisi\u00f3n capitular 9. Con base en las respuestas recogidas y las orientaciones del Gobierno General, se comenz\u00f3 a elaborar un documento de trabajo que pretende recoger las l\u00edneas de orientaci\u00f3n sobre este tema que, posteriormente, se ver\u00e1 enriquecido con los aportes de los Secretariados de Evangelizaci\u00f3n de cada una de las Unidades y Conferencias, y los coloquios o congresos que en ellos se puedan realizar. Se espera ofrecer posteriormente un subsidio que inspire y oriente nuestro ministerio pastoral en las Iglesias y Santuarios donde estamos presentes, ministerio que, aunque es variado y est\u00e1 condicionado por los contextos particulares, mantiene su valor y relevancia en medio de los desaf\u00edos del tiempo presente.<\/p>\n<p style=\"text-align: justify;\">\u00a0Secretariado General para la Evangelizaci\u00f3n<\/p>\n","protected":false},"excerpt":{"rendered":"<p>(Roma, Italia) &#8211; Durante los d\u00edas 10 al 13 de septiembre se llev\u00f3 a cabo la reuni\u00f3n de la Comisi\u00f3n General para la Evangelizaci\u00f3n y Nuevas iniciativas, conformada por los PP. Ulysses Da Silva, Kevin O\u00b4Neil, Noel Kehoe, Gregory Noronha, Raphael Kitheka y Cristian Bueno. Tambi\u00e9n participaron los consejeros generales PP. Pedro L\u00f3pez, Sebastian Ani [&hellip;]<\/p>\n","protected":false},"author":21,"featured_media":9319,"comment_status":"closed","ping_status":"closed","sticky":false,"template":"","format":"standard","meta":[],"categories":[17,34],"tags":[],"_links":{"self":[{"href":"https:\/\/www.cssr.news\/spanish\/wp-json\/wp\/v2\/posts\/9316"}],"collection":[{"href":"https:\/\/www.cssr.news\/spanish\/wp-json\/wp\/v2\/posts"}],"about":[{"href":"https:\/\/www.cssr.news\/spanish\/wp-json\/wp\/v2\/types\/post"}],"author":[{"embeddable":true,"href":"https:\/\/www.cssr.news\/spanish\/wp-json\/wp\/v2\/users\/21"}],"replies":[{"embeddable":true,"href":"https:\/\/www.cssr.news\/spanish\/wp-json\/wp\/v2\/comments?post=9316"}],"version-history":[{"count":2,"href":"https:\/\/www.cssr.news\/spanish\/wp-json\/wp\/v2\/posts\/9316\/revisions"}],"predecessor-version":[{"id":9322,"href":"https:\/\/www.cssr.news\/spanish\/wp-json\/wp\/v2\/posts\/9316\/revisions\/9322"}],"wp:featuredmedia":[{"embeddable":true,"href":"https:\/\/www.cssr.news\/spanish\/wp-json\/wp\/v2\/media\/9319"}],"wp:attachment":[{"href":"https:\/\/www.cssr.news\/spanish\/wp-json\/wp\/v2\/media?parent=9316"}],"wp:term":[{"taxonomy":"category","embeddable":true,"href":"https:\/\/www.cssr.news\/spanish\/wp-json\/wp\/v2\/categories?post=9316"},{"taxonomy":"post_tag","embeddable":true,"href":"https:\/\/www.cssr.news\/spanish\/wp-json\/wp\/v2\/tags?post=9316"}],"curies":[{"name":"wp","href":"https:\/\/api.w.org\/{rel}","templated":true}]}}