{"id":9336,"date":"2019-09-17T13:40:21","date_gmt":"2019-09-17T13:40:21","guid":{"rendered":"http:\/\/www.cssr.news\/spanish\/?p=9336"},"modified":"2019-09-17T13:40:21","modified_gmt":"2019-09-17T13:40:21","slug":"50-anos-de-presencia-redentorista-en-lagos-portugal","status":"publish","type":"post","link":"https:\/\/www.cssr.news\/spanish\/2019\/09\/50-anos-de-presencia-redentorista-en-lagos-portugal\/","title":{"rendered":"50 a\u00f1os de presencia redentorista en Lagos, Portugal"},"content":{"rendered":"<p style=\"text-align: justify;\">(Lagos, Portugal) &#8211; El consejo municipal de Lagos distinguir\u00e1 la &#8220;Misi\u00f3n de los Padres Redentoristas&#8221; en el d\u00eda festivo anual el 27 de octubre, con la Medalla de Oro al M\u00e9rito Municipal.<\/p>\n<p style=\"text-align: justify;\">En un comunicado, el municipio explica que la propuesta de otorgar los premios del D\u00eda de la Ciudad de Lagos fue aprobada el 4 de septiembre.<\/p>\n<p style=\"text-align: justify;\">El documento tambi\u00e9n agrega que las distinciones, previstas por el Reglamento de los Premios del Municipio de Lagos, requieren su atribuci\u00f3n de &#8220;aprobaci\u00f3n del Ayuntamiento, as\u00ed como la ratificaci\u00f3n de la Asamblea Municipal&#8221;. &#8220;Esta pol\u00edtica ha permitido al Municipio de Lagos honrar a las personas y entidades que, a trav\u00e9s de su actividad, con su mayor ejemplo, historia de vida, obras, estudios, emprendimiento, tenacidad, contribuci\u00f3n al avance del conocimiento, a la mejora de cultura, de deporte, resultados y virtudes se destacan en la comunidad&#8221;, afirma la autoridad local.<\/p>\n<p style=\"text-align: justify;\"><a href=\"http:\/\/www.cssr.news\/spanish\/wp-content\/uploads\/sites\/3\/2019\/09\/cssr_50_lagos.jpg\"><img class=\"alignleft wp-image-9338 size-medium\" src=\"http:\/\/www.cssr.news\/spanish\/wp-content\/uploads\/sites\/3\/2019\/09\/cssr_50_lagos-274x300.jpg\" alt=\"\" width=\"274\" height=\"300\" srcset=\"https:\/\/www.cssr.news\/spanish\/wp-content\/uploads\/sites\/3\/2019\/09\/cssr_50_lagos-274x300.jpg 274w, https:\/\/www.cssr.news\/spanish\/wp-content\/uploads\/sites\/3\/2019\/09\/cssr_50_lagos-768x841.jpg 768w, https:\/\/www.cssr.news\/spanish\/wp-content\/uploads\/sites\/3\/2019\/09\/cssr_50_lagos-935x1024.jpg 935w, https:\/\/www.cssr.news\/spanish\/wp-content\/uploads\/sites\/3\/2019\/09\/cssr_50_lagos-696x762.jpg 696w, https:\/\/www.cssr.news\/spanish\/wp-content\/uploads\/sites\/3\/2019\/09\/cssr_50_lagos-1068x1169.jpg 1068w, https:\/\/www.cssr.news\/spanish\/wp-content\/uploads\/sites\/3\/2019\/09\/cssr_50_lagos-384x420.jpg 384w, https:\/\/www.cssr.news\/spanish\/wp-content\/uploads\/sites\/3\/2019\/09\/cssr_50_lagos.jpg 1370w\" sizes=\"(max-width: 274px) 100vw, 274px\" \/><\/a>Las medallas se otorgar\u00e1n en sesi\u00f3n solemne con fecha y lugar que se anunciar\u00e1 en los pr\u00f3ximos d\u00edas.<\/p>\n<p style=\"text-align: justify;\">La comunidad de la Congregaci\u00f3n del Sant\u00edsimo Redentor (Redentoristas) fue fundada en Lagos en 1969, hace 50 a\u00f1os y actualmente es responsable de las obras pastorales en las parroquias del Bar\u00f3n de San Juan, el Bar\u00f3n de San Miguel, Bensafrim, Luz de Lagos, Odiaxere, San Maria S\u00e3o Sebasti\u00e3o en el municipio de Lagos y Budens en el municipio de Vila do Bispo.<\/p>\n<p style=\"text-align: justify;\">La comunidad redentorista est\u00e1 compuesta actualmente por cuatro sacerdotes, a saber, p. Abilio Almeida, Antonio Ferreira, Silv\u00e9rio Rato y Eugeniusz Fasuga. El padre Ant\u00f3nio Ferreira form\u00f3 parte, junto con otros dos sacerdotes, del grupo fundador de misioneros redentoristas que llegaron a la regi\u00f3n del Algarve en 1969. Pas\u00f3 tres a\u00f1os en Lagos y regres\u00f3 solo en 2012. El padre Abilio Almeida lleg\u00f3 a Lagos en 1986 y el padre Silv\u00e9rio Rato en 2015. El padre Eugeniusz Fasuga vino este a\u00f1o para reemplazar al padre Jos\u00e9 Manuel Pacheco, que hab\u00eda sido miembro de la comunidad durante 16 a\u00f1os.<\/p>\n<p style=\"text-align: justify;\">fuente: folhadodomingo.pt<\/p>\n","protected":false},"excerpt":{"rendered":"<p>(Lagos, Portugal) &#8211; El consejo municipal de Lagos distinguir\u00e1 la &#8220;Misi\u00f3n de los Padres Redentoristas&#8221; en el d\u00eda festivo anual el 27 de octubre, con la Medalla de Oro al M\u00e9rito Municipal. En un comunicado, el municipio explica que la propuesta de otorgar los premios del D\u00eda de la Ciudad de Lagos fue aprobada el [&hellip;]<\/p>\n","protected":false},"author":3,"featured_media":9337,"comment_status":"closed","ping_status":"closed","sticky":false,"template":"","format":"standard","meta":[],"categories":[9],"tags":[],"_links":{"self":[{"href":"https:\/\/www.cssr.news\/spanish\/wp-json\/wp\/v2\/posts\/9336"}],"collection":[{"href":"https:\/\/www.cssr.news\/spanish\/wp-json\/wp\/v2\/posts"}],"about":[{"href":"https:\/\/www.cssr.news\/spanish\/wp-json\/wp\/v2\/types\/post"}],"author":[{"embeddable":true,"href":"https:\/\/www.cssr.news\/spanish\/wp-json\/wp\/v2\/users\/3"}],"replies":[{"embeddable":true,"href":"https:\/\/www.cssr.news\/spanish\/wp-json\/wp\/v2\/comments?post=9336"}],"version-history":[{"count":1,"href":"https:\/\/www.cssr.news\/spanish\/wp-json\/wp\/v2\/posts\/9336\/revisions"}],"predecessor-version":[{"id":9339,"href":"https:\/\/www.cssr.news\/spanish\/wp-json\/wp\/v2\/posts\/9336\/revisions\/9339"}],"wp:featuredmedia":[{"embeddable":true,"href":"https:\/\/www.cssr.news\/spanish\/wp-json\/wp\/v2\/media\/9337"}],"wp:attachment":[{"href":"https:\/\/www.cssr.news\/spanish\/wp-json\/wp\/v2\/media?parent=9336"}],"wp:term":[{"taxonomy":"category","embeddable":true,"href":"https:\/\/www.cssr.news\/spanish\/wp-json\/wp\/v2\/categories?post=9336"},{"taxonomy":"post_tag","embeddable":true,"href":"https:\/\/www.cssr.news\/spanish\/wp-json\/wp\/v2\/tags?post=9336"}],"curies":[{"name":"wp","href":"https:\/\/api.w.org\/{rel}","templated":true}]}}