{"id":9345,"date":"2019-09-17T14:59:04","date_gmt":"2019-09-17T14:59:04","guid":{"rendered":"http:\/\/www.cssr.news\/spanish\/?p=9345"},"modified":"2019-09-17T15:09:06","modified_gmt":"2019-09-17T15:09:06","slug":"michael-brehl-francisco-es-un-ejemplo-del-espiritu-de-san-alfonso","status":"publish","type":"post","link":"https:\/\/www.cssr.news\/spanish\/2019\/09\/michael-brehl-francisco-es-un-ejemplo-del-espiritu-de-san-alfonso\/","title":{"rendered":"Michael Brehl: \u201cFrancisco es un ejemplo del esp\u00edritu de san Alfonso\u201d"},"content":{"rendered":"<p style=\"text-align: center;\"><em>El superior general de los Misioneros Redentoristas analiza su congregaci\u00f3n, la Iglesia y este pontificado en una entrevista concedida a Vida Nueva.<\/em><\/p>\n<p style=\"text-align: justify;\">Los cerca de\u00a0<strong>5.000\u00a0<\/strong>miembros que conforman la congregaci\u00f3n de los\u00a0<strong>Misioneros Redentoristas<\/strong>\u00a0est\u00e1n presentes, actualmente,\u00a0<strong>en m\u00e1s de 80 pa\u00edses<\/strong>\u00a0en el mundo. \u201cLa situaci\u00f3n es diferente en cada continente\u201d, explica a Vida Nueva su superior general, Michael Brehl. Y es que, mientras\u00a0<strong>en Asia se vive un momento de gran crecimiento<\/strong>\u00a0por el aumento del n\u00famero de vocaciones,\u00a0<strong>en Europa y en Am\u00e9rica del Norte est\u00e1n disminuyendo<\/strong>. \u201cHay muchos mayores y pocos j\u00f3venes\u201d, apunta. Mientras, en Am\u00e9rica Latina los n\u00fameros se mantienen estables. \u201cBrasil, por ejemplo, es el pa\u00eds con m\u00e1s redentoristas del mundo\u201d, se\u00f1ala Brehl. Pero si algo es com\u00fan a todos los continentes, es la clara apuesta de la congregaci\u00f3n por colaborar con laicos, mujeres y hombres, todos ellos \u201cpreparados y formados para hacer la misi\u00f3n con nosotros\u201d.<\/p>\n<p><strong>PREGUNTA.- \u00bfC\u00f3mo se lleva a cabo hoy la misi\u00f3n redentorista?<\/strong><\/p>\n<p style=\"text-align: justify;\"><strong>RESPUESTA.-<\/strong>\u00a0Depende del lugar. Por ejemplo, en Am\u00e9rica Latina y en Europa, que son culturas con una tradici\u00f3n cat\u00f3lica muy fuerte, nos es posible\u00a0<strong>predicar a trav\u00e9s de las misiones populares y formar comunidades<\/strong>. Pero en Asia no, porque son culturas muy poco cristianas. Nuestra misi\u00f3n all\u00ed es mucho m\u00e1s en\u00a0<strong>la dimensi\u00f3n del testimonio y del apostolado social<\/strong>. Sin embargo, existe un v\u00ednculo entre todos los continentes, y es que\u00a0<strong>trabajamos mucho en el campo de la pastoral juvenil<\/strong>. De hecho, durante mi reciente visita a Espa\u00f1a he participado en un encuentro en el Monasterio del Espino (Burgos) con m\u00e1s de 350 j\u00f3venes y responsables de pastoral de la congregaci\u00f3n.<\/p>\n<p style=\"text-align: justify;\">Otra realidad son los\u00a0<strong>santuarios<\/strong>, como es el caso de\u00a0<strong>Aparecida en Brasil<\/strong>. Muchos de ellos est\u00e1n dedicados a Nuestra Se\u00f1ora del Perpetuo Socorro. Son muy frecuentados y suponen\u00a0<strong>una oportunidad m\u00e1s para evangelizar<\/strong>\u00a0y animar a muchas personas a vivir m\u00e1s profundamente su relaci\u00f3n con Dios y Jes\u00fas en sus propias parroquias despu\u00e9s del peregrinaje. Tambi\u00e9n, cada santuario tiene proyectos sociales para profundizar las relaciones con los abandonados y los pobres.<\/p>\n<p><strong>P.- Enfocados en la pastoral juvenil, \u00bfya se ha comenzado a aterrizar la exhortaci\u00f3n post \u2018Christus vivit\u2019?<\/strong><\/p>\n<p><strong>R.-<\/strong>\u00a0Para nosotros\u00a0<strong>es maravilloso comprobar el \u00e9nfasis que el papa Francisco est\u00e1 poniendo en la pastoral juvenil<\/strong>. Sobre todo, porque no se enfoca desde la perspectiva de que es una pastoral \u201cpara\u201d los j\u00f3venes, para instruirlos o darles algo, sino \u201ccon\u201d ellos. Una pastoral juvenil que involucra a los j\u00f3venes con la Iglesia, con la misi\u00f3n de Jes\u00fas.<\/p>\n<p style=\"text-align: justify;\">Con ellos, que tienen sed por formar parte de muchos proyectos sociales, que quieren hacer voluntariado, hemos construido muchas escuelas y orfanatos en \u00c1frica, por ejemplo. Tambi\u00e9n hemos enviado voluntarios para trabajar con ni\u00f1os con necesidades especiales.\u00a0<strong>Es una pastoral que quiere involucrar a los j\u00f3venes en nuestra misi\u00f3n con los excluidos del mundo.<\/strong>\u00a0No se trata solo de hacer retiros y reflexionar, aunque esto tambi\u00e9n sea importante, sino de trabajar juntos en la misi\u00f3n. Este verano, 80 j\u00f3venes espa\u00f1oles se fueron de voluntariado a otras partes del mundo. En otros pa\u00edses, como Alemania, es muy com\u00fan que los chicos se vayan un a\u00f1o entero como voluntarios antes de comenzar la universidad. Los j\u00f3venes quieren ser tambi\u00e9n agentes del cambio, no solo destinatarios.<\/p>\n<p><strong>P.- Francisco ha cumplido seis a\u00f1os como papa. \u00bfC\u00f3mo lee este pontificado?<\/strong><\/p>\n<p style=\"text-align: justify;\"><strong>R.-<\/strong>\u00a0Cuando escuchamos a Francisco, cuando leemos sus exhortaciones, lo que\u00a0<strong>vemos<\/strong>\u00a0es\u00a0<strong>un esp\u00edritu redentorista<\/strong>. El esp\u00edritu de\u00a0<strong>la Iglesia en salida, en misi\u00f3n permanente<\/strong>\u00a0para llevar la buena noticia a los dem\u00e1s, especialmente a las periferias, pero no solo en palabras, sino tambi\u00e9n en gestos, en testimonio, en acciones concretas de caridad, de acogida. Para nosotros,\u00a0<strong>Francisco es un ejemplo del esp\u00edritu de san Alfonso<\/strong>. (\u2026)<\/p>\n<p>(www.vidanuevadigital.com &#8211; publicada el 15\/09\/2019)<\/p>\n","protected":false},"excerpt":{"rendered":"<p>El superior general de los Misioneros Redentoristas analiza su congregaci\u00f3n, la Iglesia y este pontificado en una entrevista concedida a Vida Nueva. Los cerca de\u00a05.000\u00a0miembros que conforman la congregaci\u00f3n de los\u00a0Misioneros Redentoristas\u00a0est\u00e1n presentes, actualmente,\u00a0en m\u00e1s de 80 pa\u00edses\u00a0en el mundo. \u201cLa situaci\u00f3n es diferente en cada continente\u201d, explica a Vida Nueva su superior general, Michael [&hellip;]<\/p>\n","protected":false},"author":3,"featured_media":7762,"comment_status":"closed","ping_status":"closed","sticky":false,"template":"","format":"standard","meta":[],"categories":[12],"tags":[],"_links":{"self":[{"href":"https:\/\/www.cssr.news\/spanish\/wp-json\/wp\/v2\/posts\/9345"}],"collection":[{"href":"https:\/\/www.cssr.news\/spanish\/wp-json\/wp\/v2\/posts"}],"about":[{"href":"https:\/\/www.cssr.news\/spanish\/wp-json\/wp\/v2\/types\/post"}],"author":[{"embeddable":true,"href":"https:\/\/www.cssr.news\/spanish\/wp-json\/wp\/v2\/users\/3"}],"replies":[{"embeddable":true,"href":"https:\/\/www.cssr.news\/spanish\/wp-json\/wp\/v2\/comments?post=9345"}],"version-history":[{"count":3,"href":"https:\/\/www.cssr.news\/spanish\/wp-json\/wp\/v2\/posts\/9345\/revisions"}],"predecessor-version":[{"id":9348,"href":"https:\/\/www.cssr.news\/spanish\/wp-json\/wp\/v2\/posts\/9345\/revisions\/9348"}],"wp:featuredmedia":[{"embeddable":true,"href":"https:\/\/www.cssr.news\/spanish\/wp-json\/wp\/v2\/media\/7762"}],"wp:attachment":[{"href":"https:\/\/www.cssr.news\/spanish\/wp-json\/wp\/v2\/media?parent=9345"}],"wp:term":[{"taxonomy":"category","embeddable":true,"href":"https:\/\/www.cssr.news\/spanish\/wp-json\/wp\/v2\/categories?post=9345"},{"taxonomy":"post_tag","embeddable":true,"href":"https:\/\/www.cssr.news\/spanish\/wp-json\/wp\/v2\/tags?post=9345"}],"curies":[{"name":"wp","href":"https:\/\/api.w.org\/{rel}","templated":true}]}}