{"id":9911,"date":"2019-11-18T15:42:17","date_gmt":"2019-11-18T15:42:17","guid":{"rendered":"http:\/\/www.cssr.news\/spanish\/?p=9911"},"modified":"2019-11-18T15:51:37","modified_gmt":"2019-11-18T15:51:37","slug":"18-de-noviembre-el-siervo-de-dios-vito-curzio","status":"publish","type":"post","link":"https:\/\/www.cssr.news\/spanish\/2019\/11\/18-de-noviembre-el-siervo-de-dios-vito-curzio\/","title":{"rendered":"18 de noviembre: El siervo de Dios Vito Curzio"},"content":{"rendered":"<p style=\"text-align: justify;\">La historia nos dice que en este d\u00eda, 18 de noviembre de 1732, el Hermano Vito Curzio ingres\u00f3 a la Congregaci\u00f3n y fue pieza fundamental en los meses m\u00e1s dif\u00edciles que vivi\u00f3 la Congregaci\u00f3n y San Alfonso. Buscando alguna informaci\u00f3n de Vito Curzio, encontr\u00e9 en internet este art\u00edculo. Comparto esta nota con toda la familia redentorista y nos unimos en oraci\u00f3n por la vida del hermano Vito Curzio.<\/p>\n<p style=\"text-align: right;\">Padre Grimaldo Garay Zapata CSsR<\/p>\n<p><strong>\u00a0<\/strong><strong>El siervo de Dios Vito Curzio<br \/>\n<\/strong><em>por P. Claudio Benedetti, 1903 &#8211; traducci\u00f3n por P. Antonio Panariello, 1998.<\/em><\/p>\n<p><strong>Las fechas oficiales <\/strong>(del\u00a0<em>Cat\u00e1logo Sodalium)<\/em><\/p>\n<ul>\n<li>Nacimiento = 1707<\/li>\n<li>Muerte = 18-sep-1745<\/li>\n<li>Profesi\u00f3n perp.= 09-mayo-1743<\/li>\n<\/ul>\n<p style=\"text-align: justify;\"><strong>El perfil<\/strong>\u00a0<em>(las fechas se han conformado a las oficiales)<\/em><br \/>\nDios, que hace brotar el agua de la roca y es capaz de generar hijos de Abraham a partir de las piedras, transform\u00f3 a su siervo Vito Curzio en un hombre tan arrepentido de su conducta pasada que es considerado uno de los miembros m\u00e1s perfectos de la naciente Congregaci\u00f3n del Sant\u00edsimo Redentor.<\/p>\n<p style=\"text-align: justify;\">Nacido en Acquaviva, en Puglia, en 1707 de una familia honesta, pas\u00f3 su juventud en el manejo de armas, ten\u00eda mal genio y algunas veces golpeaba a los dem\u00e1s.\u00a0A los 26 a\u00f1os, mientras se alojaba en N\u00e1poles por negocios que le hab\u00eda confiado el marqu\u00e9s del Vasto, conoci\u00f3 a Cesar Sportelli, fiscal del mismo marqu\u00e9s, se su hizo amigo.\u00a0Persuadido por sus invitaciones, gradualmente comenz\u00f3 a calmar su ira, de la que generalmente lo atrapaban.<br \/>\nLuego, en 1732, una intervenci\u00f3n divina lo puso en contacto con San Alfonso, quien en un sue\u00f1o que hab\u00eda visto sent\u00f3 las bases del instituto naciente, y le pidi\u00f3 que lo admitieran como hermano laico para ayudarlo a construirlo.\u00a0Satisfecho, se uni\u00f3 a San Alfonso, que fue con sus primeros compa\u00f1eros a Scala para comenzar finalmente el nuevo instituto que Dios le hab\u00eda llamado.<\/p>\n<p style=\"text-align: justify;\">La lealtad de Vito se puso a prueba de inmediato.\u00a0De hecho, mientras que para otras dificultades, los otros compa\u00f1eros, que hab\u00edan acudido en masa a Scala, dejaron a Alfonso y a\u00fan no hab\u00edan ingresado en la Congregaci\u00f3n naciente, Gennaro Sarnelli, Cesare Sportelli y Giovanni Mazzini, el \u00fanico Vito permaneci\u00f3 fiel al Santo, lo ayud\u00f3 y fue su consuelo en su triste soledad.<br \/>\nCuando, desde el primer d\u00eda, se le orden\u00f3 servir en la mesa, a pedido del diablo, fue atrapado por una repentina oleada de ira y orgullo;\u00a0pero con la ayuda de su \u00e1ngel guardi\u00e1n, inmediatamente se calm\u00f3.\u00a0En poco tiempo domin\u00f3 su car\u00e1cter hirviendo y se convirti\u00f3 en un manso cordero.\u00a0Tuvo la gracia de alcanzar ese tipo de oraci\u00f3n acompa\u00f1ada de abundantes l\u00e1grimas.\u00a0Pero despu\u00e9s de un a\u00f1o, la fuente de la dulzura se sec\u00f3 y su alma cay\u00f3 en la sequedad y la oscuridad.\u00a0Entonces se quej\u00f3 a S. Alfonso: &#8221;\u00a0<em>No s\u00e9 de d\u00f3nde viene este estado.<\/em>\u00a0<em>El don de la oraci\u00f3n me dej\u00f3 en un instante.<\/em>\u00a0<em>Durante la oraci\u00f3n s\u00e9 que Dios est\u00e1 cerca de m\u00ed, pero lo que pienso o deduzco de esto se me escapa<\/em>\u00a0&#8220;.<\/p>\n<p style=\"text-align: justify;\">Convencido por el Fundador, continu\u00f3 confiando m\u00e1s en Dios.\u00a0Para someter el cuerpo al esp\u00edritu, quer\u00eda torturarlo con vigilias, ayunos, flagelos y todo tipo de torturas.\u00a0Adem\u00e1s, como en ese momento no hab\u00eda otros hermanos y carec\u00edan del dinero con el que pod\u00edan obtener lo necesario, asumi\u00f3 el peso de cuidar todo.\u00a0El que antes en el mundo, intolerante a cada yugo, nunca se hab\u00eda inclinado ante nadie, ahora con humildad y maravillosa disposici\u00f3n, barr\u00eda las habitaciones, cocinaba, serv\u00eda en la mesa, sacaba agua, lavaba platos, cargaba le\u00f1a y otras cosas similares.<\/p>\n<p style=\"text-align: justify;\">Estaba as\u00ed disponible para los cohermanos enfermos para entregar su cuna al bendecido Gennaro Sarnelli, que ten\u00eda mala salud, adem\u00e1s de las otras atenciones que le reservaba.\u00a0Cuanto m\u00e1s orgulloso estaba en el pasado, m\u00e1s quer\u00eda comportarse con humildad.\u00a0Eligi\u00f3 las tareas m\u00e1s humildes y no se avergonz\u00f3 de barrer los estercoleros.<\/p>\n<p style=\"text-align: justify;\">La obediencia cultivada a la muerte.\u00a0De hecho, despu\u00e9s de recibir la orden de ir a la casa de Deliceto, fue inmediatamente all\u00ed siempre listo para ejecutar las \u00f3rdenes de sus superiores.\u00a0Debido al clima poco saludable, la fiebre lo golpe\u00f3, permaneci\u00f3 en la cama con paciencia durante mucho tiempo sin vivir ni morir, pero solo se conform\u00f3 a la voluntad de Dios.<\/p>\n<p style=\"text-align: justify;\">Despu\u00e9s de morir serenamente, recibi\u00f3 declaraciones p\u00fablicas de dolor y estima.\u00a0San Alfonso, quien por la muerte de su compa\u00f1ero no pudo contener su llanto, escribi\u00f3 sobre su vida y la public\u00f3.\u00a0En su imagen leemos: &#8220;Hermano Vito Curzio, extraordinario en su humildad, mortificaci\u00f3n y caridad.\u00a0Muri\u00f3 en Deliceto el 18 de septiembre de 1745, consumido por el deseo de ver a Dios &#8220;.<\/p>\n<p>(www.santalfonsoedintorni.it\/vito-curzio.html)<\/p>\n","protected":false},"excerpt":{"rendered":"<p>La historia nos dice que en este d\u00eda, 18 de noviembre de 1732, el Hermano Vito Curzio ingres\u00f3 a la Congregaci\u00f3n y fue pieza fundamental en los meses m\u00e1s dif\u00edciles que vivi\u00f3 la Congregaci\u00f3n y San Alfonso. Buscando alguna informaci\u00f3n de Vito Curzio, encontr\u00e9 en internet este art\u00edculo. Comparto esta nota con toda la familia [&hellip;]<\/p>\n","protected":false},"author":3,"featured_media":9915,"comment_status":"closed","ping_status":"closed","sticky":false,"template":"","format":"standard","meta":[],"categories":[30],"tags":[],"_links":{"self":[{"href":"https:\/\/www.cssr.news\/spanish\/wp-json\/wp\/v2\/posts\/9911"}],"collection":[{"href":"https:\/\/www.cssr.news\/spanish\/wp-json\/wp\/v2\/posts"}],"about":[{"href":"https:\/\/www.cssr.news\/spanish\/wp-json\/wp\/v2\/types\/post"}],"author":[{"embeddable":true,"href":"https:\/\/www.cssr.news\/spanish\/wp-json\/wp\/v2\/users\/3"}],"replies":[{"embeddable":true,"href":"https:\/\/www.cssr.news\/spanish\/wp-json\/wp\/v2\/comments?post=9911"}],"version-history":[{"count":1,"href":"https:\/\/www.cssr.news\/spanish\/wp-json\/wp\/v2\/posts\/9911\/revisions"}],"predecessor-version":[{"id":9913,"href":"https:\/\/www.cssr.news\/spanish\/wp-json\/wp\/v2\/posts\/9911\/revisions\/9913"}],"wp:featuredmedia":[{"embeddable":true,"href":"https:\/\/www.cssr.news\/spanish\/wp-json\/wp\/v2\/media\/9915"}],"wp:attachment":[{"href":"https:\/\/www.cssr.news\/spanish\/wp-json\/wp\/v2\/media?parent=9911"}],"wp:term":[{"taxonomy":"category","embeddable":true,"href":"https:\/\/www.cssr.news\/spanish\/wp-json\/wp\/v2\/categories?post=9911"},{"taxonomy":"post_tag","embeddable":true,"href":"https:\/\/www.cssr.news\/spanish\/wp-json\/wp\/v2\/tags?post=9911"}],"curies":[{"name":"wp","href":"https:\/\/api.w.org\/{rel}","templated":true}]}}